{"id":234,"date":"2019-05-15T08:11:41","date_gmt":"2019-05-15T06:11:41","guid":{"rendered":"https:\/\/www.pmfst.unist.hr\/istrazivanje-u-edukaciji\/?p=234"},"modified":"2019-05-16T11:43:38","modified_gmt":"2019-05-16T09:43:38","slug":"obrana-istrazivackog-seminara-i-primjena-tiskanih-i-digitalnih-udzbenika-te-racunalnih-tehnologija-i-novih-medija-u-nastavi-prirode-i-biologije-daniele-novoselic","status":"publish","type":"post","link":"https:\/\/www.pmfst.unist.hr\/istrazivanje-u-edukaciji\/obrana-istrazivackog-seminara-i-primjena-tiskanih-i-digitalnih-udzbenika-te-racunalnih-tehnologija-i-novih-medija-u-nastavi-prirode-i-biologije-daniele-novoselic\/","title":{"rendered":"Obrana Istra\u017eiva\u010dkog seminara I &#8211;  &#8220;Primjena tiskanih i digitalnih ud\u017ebenika te ra\u010dunalnih tehnologija i novih medija u nastavi prirode i biologije\u201c Daniele Novoseli\u0107"},"content":{"rendered":"<div class=\"wpb-content-wrapper\">[vc_row][vc_column][vc_column_text css=&#8221;.vc_custom_1557986351054{margin-bottom: 0px !important;}&#8221;]<strong>U utorak, 28. svibnja 2019. godine s po\u010detkom u 13:00 sati u prostoriji B2-23<\/strong> Prirodoslovno-matemati\u010dkog fakulteta u Splitu, Ru\u0111era Bo\u0161kovi\u0107a 33, odr\u017eat \u0107e se obrana Istra\u017eiva\u010dkog seminara I studentice poslijediplomskog sveu\u010dili\u0161nog studija &#8220;Istra\u017eivanje u edukaciji u podru\u010dju prirodnih i tehni\u010dkih znanosti&#8221; usmjerenje Biologija, <strong>Daniele Novoseli\u0107<\/strong>.<br \/>\nObrana Istra\u017eiva\u010dkog seminara I pod nazivom &#8220;Primjena tiskanih i digitalnih ud\u017ebenika te ra\u010dunalnih tehnologija i novih medija u nastavi prirode i biologije\u201c odr\u017eat \u0107e se pred tro\u010dlanim povjerenstvom u sastavu:<br \/>\n1. izv. prof. dr. sc. Mirko Ru\u0161\u010di\u0107, predsjednik (Sveu\u010dili\u0161te u Splitu, Prirodoslovno-matemati\u010dki fakultet)<br \/>\n2. doc. dr. sc. Ani Grubi\u0161i\u0107, \u010dlanica (Sveu\u010dili\u0161te u Splitu, Prirodoslovno-matemati\u010dki fakultet)<br \/>\n3. izv. prof. dr. sc. Ines Radanovi\u0107, \u010dlanica-mentorica (Sveu\u010dili\u0161te u Zagrebu, Prirodoslovno-matemati\u010dki fakultet)<\/p>\n<p>Pozivaju se svi zainteresirani da prisustvuju obrani.<\/p>\n<p>Datum objave: 15. svibnja 2019[\/vc_column_text][\/vc_column][\/vc_row]\n<\/div>","protected":false},"excerpt":{"rendered":"<p>[vc_row][vc_column][vc_column_text css=&#8221;.vc_custom_1557986351054{margin-bottom: 0px !important;}&#8221;]U utorak, 28. svibnja 2019. godine s po\u010detkom u 13:00 sati u prostoriji B2-23 Prirodoslovno-matemati\u010dkog fakulteta u Splitu, Ru\u0111era Bo\u0161kovi\u0107a 33, odr\u017eat \u0107e se obrana Istra\u017eiva\u010dkog seminara I studentice poslijediplomskog sveu\u010dili\u0161nog studija &#8220;Istra\u017eivanje u edukaciji u podru\u010dju prirodnih i tehni\u010dkih znanosti&#8221; usmjerenje Biologija, Daniele Novoseli\u0107. Obrana Istra\u017eiva\u010dkog seminara I pod nazivom &#8220;Primjena [&hellip;]<\/p>\n","protected":false},"author":1,"featured_media":235,"comment_status":"closed","ping_status":"closed","sticky":false,"template":"","format":"standard","meta":{"footnotes":""},"categories":[27],"tags":[],"class_list":["post-234","post","type-post","status-publish","format-standard","has-post-thumbnail","hentry","category-obavijesti"],"_links":{"self":[{"href":"https:\/\/www.pmfst.unist.hr\/istrazivanje-u-edukaciji\/wp-json\/wp\/v2\/posts\/234","targetHints":{"allow":["GET"]}}],"collection":[{"href":"https:\/\/www.pmfst.unist.hr\/istrazivanje-u-edukaciji\/wp-json\/wp\/v2\/posts"}],"about":[{"href":"https:\/\/www.pmfst.unist.hr\/istrazivanje-u-edukaciji\/wp-json\/wp\/v2\/types\/post"}],"author":[{"embeddable":true,"href":"https:\/\/www.pmfst.unist.hr\/istrazivanje-u-edukaciji\/wp-json\/wp\/v2\/users\/1"}],"replies":[{"embeddable":true,"href":"https:\/\/www.pmfst.unist.hr\/istrazivanje-u-edukaciji\/wp-json\/wp\/v2\/comments?post=234"}],"version-history":[{"count":3,"href":"https:\/\/www.pmfst.unist.hr\/istrazivanje-u-edukaciji\/wp-json\/wp\/v2\/posts\/234\/revisions"}],"predecessor-version":[{"id":247,"href":"https:\/\/www.pmfst.unist.hr\/istrazivanje-u-edukaciji\/wp-json\/wp\/v2\/posts\/234\/revisions\/247"}],"wp:featuredmedia":[{"embeddable":true,"href":"https:\/\/www.pmfst.unist.hr\/istrazivanje-u-edukaciji\/wp-json\/wp\/v2\/media\/235"}],"wp:attachment":[{"href":"https:\/\/www.pmfst.unist.hr\/istrazivanje-u-edukaciji\/wp-json\/wp\/v2\/media?parent=234"}],"wp:term":[{"taxonomy":"category","embeddable":true,"href":"https:\/\/www.pmfst.unist.hr\/istrazivanje-u-edukaciji\/wp-json\/wp\/v2\/categories?post=234"},{"taxonomy":"post_tag","embeddable":true,"href":"https:\/\/www.pmfst.unist.hr\/istrazivanje-u-edukaciji\/wp-json\/wp\/v2\/tags?post=234"}],"curies":[{"name":"wp","href":"https:\/\/api.w.org\/{rel}","templated":true}]}}