{"id":922,"date":"2024-12-05T09:01:50","date_gmt":"2024-12-05T08:01:50","guid":{"rendered":"https:\/\/www.pmfst.unist.hr\/istrazivanje-u-edukaciji\/?p=922"},"modified":"2024-12-05T09:02:02","modified_gmt":"2024-12-05T08:02:02","slug":"obrana-istrazivackog-seminara-i-darko-suman","status":"publish","type":"post","link":"https:\/\/www.pmfst.unist.hr\/istrazivanje-u-edukaciji\/obrana-istrazivackog-seminara-i-darko-suman\/","title":{"rendered":"Obrana Istra\u017eiva\u010dkog seminara I \u2013 Darko Suman"},"content":{"rendered":"<div class=\"wpb-content-wrapper\">[vc_row][vc_column][vc_column_text css=&#8221;.vc_custom_1733385347480{margin-bottom: 0px !important;}&#8221;]U<strong>\u00a0ponedjeljak 16. prosinca 2024. godine<\/strong>\u00a0s po\u010detkom u<strong>10,30 sati <\/strong>u <strong>Vije\u0107nici (B1-11)<\/strong>\u00a0Prirodoslovno-matemati\u010dkog fakulteta\u00a0 u Splitu, Ru\u0111era Bo\u0161kovi\u0107a 33, <strong>Darko Suman<\/strong>, student doktorskog studija Istra\u017eivanje u edukaciji u podru\u010dju prirodnih i tehni\u010dkih znanost- usmjerenje Tehnika odr\u017eat \u0107e <strong>obranu Istra\u017eiva\u010dkog\u00a0seminara I.<\/strong><\/p>\n<p>Obrana Istra\u017eiva\u010dkog\u00a0seminara I pod nazivom <strong>,,Razvoj prostornih vje\u0161tina u\u010denika osnovne \u0161kole primjenom programa za ra\u010dunalno potpomognuto oblikovanje u nastavi Tehni\u010dke kulture\u201c<\/strong>\u00a0odr\u017eat \u0107e se pred povjerenstvom u sastavu:<\/p>\n<ol>\n<li>izv. prof. dr. sc. Damir Purkovi\u0107, Tehni\u010dki fakultet u Rijeci, Hrvatska, predsjednik Povjerenstva<\/li>\n<li>doc. dr. sc. Nikola Maranguni\u0107, Prirodoslovno\u2013matemati\u010dki fakultet u Splitu, Hrvatska, \u010dlan<\/li>\n<li>izv. prof. dr. sc. Stjepan Kova\u010devi\u0107, Prirodoslovno\u2013matemati\u010dki fakultet u Splitu, Hrvatska, \u010dlan<\/li>\n<\/ol>\n<p>Obrani mo\u017eete prisustovati na poveznici:<\/p>\n<p><a href=\"https:\/\/teams.microsoft.com\/l\/message\/19:md6iqMmxdSZhzITOTfXcTXuZB6Ib8mM5lpUoutoRAfc1@thread.tacv2\/1733384266161?tenantId=cf0824fb-2f8b-40d5-812a-1e9d431e9760&amp;groupId=51243211-c765-41f8-8854-db0bc7f15455&amp;parentMessageId=1733384266161&amp;teamName=Istra%C5%BEiva%C4%8Dki%20seminar%20I-%20Darko%20Suman&amp;channelName=&amp;createdTime=1733384266161\">Marina Murat: Scheduled a meeting<\/a> posted in Istra\u017eiva\u010dki seminar I- Darko Suman \/ on December 5, 2024 8:37 AM[\/vc_column_text][\/vc_column][\/vc_row]\n<\/div>","protected":false},"excerpt":{"rendered":"<p>[vc_row][vc_column][vc_column_text css=&#8221;.vc_custom_1733385347480{margin-bottom: 0px !important;}&#8221;]U\u00a0ponedjeljak 16. prosinca 2024. godine\u00a0s po\u010detkom u10,30 sati u Vije\u0107nici (B1-11)\u00a0Prirodoslovno-matemati\u010dkog fakulteta\u00a0 u Splitu, Ru\u0111era Bo\u0161kovi\u0107a 33, Darko Suman, student doktorskog studija Istra\u017eivanje u edukaciji u podru\u010dju prirodnih i tehni\u010dkih znanost- usmjerenje Tehnika odr\u017eat \u0107e obranu Istra\u017eiva\u010dkog\u00a0seminara I. Obrana Istra\u017eiva\u010dkog\u00a0seminara I pod nazivom ,,Razvoj prostornih vje\u0161tina u\u010denika osnovne \u0161kole primjenom programa za [&hellip;]<\/p>\n","protected":false},"author":1,"featured_media":235,"comment_status":"closed","ping_status":"closed","sticky":false,"template":"","format":"standard","meta":{"footnotes":""},"categories":[27],"tags":[],"class_list":["post-922","post","type-post","status-publish","format-standard","has-post-thumbnail","hentry","category-obavijesti"],"_links":{"self":[{"href":"https:\/\/www.pmfst.unist.hr\/istrazivanje-u-edukaciji\/wp-json\/wp\/v2\/posts\/922","targetHints":{"allow":["GET"]}}],"collection":[{"href":"https:\/\/www.pmfst.unist.hr\/istrazivanje-u-edukaciji\/wp-json\/wp\/v2\/posts"}],"about":[{"href":"https:\/\/www.pmfst.unist.hr\/istrazivanje-u-edukaciji\/wp-json\/wp\/v2\/types\/post"}],"author":[{"embeddable":true,"href":"https:\/\/www.pmfst.unist.hr\/istrazivanje-u-edukaciji\/wp-json\/wp\/v2\/users\/1"}],"replies":[{"embeddable":true,"href":"https:\/\/www.pmfst.unist.hr\/istrazivanje-u-edukaciji\/wp-json\/wp\/v2\/comments?post=922"}],"version-history":[{"count":1,"href":"https:\/\/www.pmfst.unist.hr\/istrazivanje-u-edukaciji\/wp-json\/wp\/v2\/posts\/922\/revisions"}],"predecessor-version":[{"id":923,"href":"https:\/\/www.pmfst.unist.hr\/istrazivanje-u-edukaciji\/wp-json\/wp\/v2\/posts\/922\/revisions\/923"}],"wp:featuredmedia":[{"embeddable":true,"href":"https:\/\/www.pmfst.unist.hr\/istrazivanje-u-edukaciji\/wp-json\/wp\/v2\/media\/235"}],"wp:attachment":[{"href":"https:\/\/www.pmfst.unist.hr\/istrazivanje-u-edukaciji\/wp-json\/wp\/v2\/media?parent=922"}],"wp:term":[{"taxonomy":"category","embeddable":true,"href":"https:\/\/www.pmfst.unist.hr\/istrazivanje-u-edukaciji\/wp-json\/wp\/v2\/categories?post=922"},{"taxonomy":"post_tag","embeddable":true,"href":"https:\/\/www.pmfst.unist.hr\/istrazivanje-u-edukaciji\/wp-json\/wp\/v2\/tags?post=922"}],"curies":[{"name":"wp","href":"https:\/\/api.w.org\/{rel}","templated":true}]}}