{"id":21413,"date":"2024-07-07T21:11:57","date_gmt":"2024-07-07T19:11:57","guid":{"rendered":"https:\/\/www.pmfst.unist.hr\/znanost\/?p=21413"},"modified":"2024-12-06T13:48:38","modified_gmt":"2024-12-06T12:48:38","slug":"grupa-za-istrazivanje-i-karakterizaciju-atmosferskog-oneciscenja","status":"publish","type":"post","link":"https:\/\/www.pmfst.unist.hr\/znanost\/grupa-za-istrazivanje-i-karakterizaciju-atmosferskog-oneciscenja\/","title":{"rendered":"Grupa za istra\u017eivanje i karakterizaciju atmosferskog one\u010di\u0161\u0107enja"},"content":{"rendered":"<div class=\"wpb-content-wrapper\">[vc_row][vc_column width=&#8221;1\/4&#8243;][mk_title_box color=&#8221;#1e73be&#8221; margin_bottom=&#8221;0&#8243; font_family=&#8221;none&#8221;]<b>Voditelj grupe<\/b>[\/mk_title_box][mk_employees style=&#8221;boxed&#8221; column=&#8221;1&#8243; employees=&#8221;20332&#8243;][\/vc_column][vc_column width=&#8221;3\/4&#8243;][mk_title_box color=&#8221;#1e73be&#8221; margin_bottom=&#8221;0&#8243; font_family=&#8221;none&#8221;]<b>\u010clanovi grupe<\/b>[\/mk_title_box][mk_custom_box padding_vertical=&#8221;10&#8243;][mk_custom_list style=&#8221;mk-moon-user-3&#8243;]\n<ul>\n<li><span style=\"font-size: 14pt\">\u00a0 \u00a0izv. prof. dr. sc. Jadranka \u0160epi\u0107<\/span><\/li>\n<li><span style=\"font-size: 14pt\">\u00a0 \u00a0doc. dr. dc. \u017darko Kova\u010d<\/span><\/li>\n<li><span style=\"font-size: 14pt\">\u00a0 \u00a0Marijana Bali\u0107, mag. phys<\/span><\/li>\n<li><span style=\"font-size: 14pt\">\u00a0 \u00a0Kre\u0161imir Rui\u0107, mag. phys.<\/span><\/li>\n<li><span style=\"font-size: 14pt\">\u00a0 \u00a0dr. sc. Cristian Focsa<\/span><\/li>\n<li><span style=\"font-size: 14pt\">\u00a0 \u00a0dr. sc. Claire Pirim<\/span><\/li>\n<li><span style=\"font-size: 14pt\">\u00a0 \u00a0dr. sc. Yvain Carpentier<\/span><\/li>\n<li><span style=\"font-size: 14pt\">\u00a0 \u00a0dr. sc. Alessandro Faccinetto<\/span><\/li>\n<\/ul>\n[\/mk_custom_list][\/mk_custom_box][\/vc_column][\/vc_row][vc_row][vc_column][mk_title_box color=&#8221;#1e73be&#8221; font_family=&#8221;none&#8221;]<strong>Odjel\/Katedra: <\/strong><\/p>\n<p>Odjel za fiziku[\/mk_title_box][vc_column_text css=&#8221;.vc_custom_1520591712979{margin-bottom: 0px !important;}&#8221;]\n<h4><strong>Opis istra\u017eivanja:<\/strong><\/h4>\n<p>Fokus istra\u017eivanja su atmosferske \u010destice od interesa za ljudsko zdravlje, PM 10, PM 2.5, PM 1, te ultra fine \u010destice (&lt;100 nm), koje definiraju kvalitetu zraka. Grupa se bavi mjerenjem, te karakterizacijom \u010destica, s obzirom na rizik (definiran veli\u010dinom i kemijskim sastavom), izvor (cestovni, pomorski i zra\u010dni promet, prirodni izvori, industrija, poljoprivreda), te vrstu (\u010destice nastale izgaranjem, reakcijama u atmosferi, aerosoli nastali raspadom mikroplastike, itd. \u2026).<\/p>\n[\/vc_column_text][vc_column_text css=&#8221;.vc_custom_1520591959083{margin-bottom: 0px !important;}&#8221;]\n<h4><strong>Partnerski potencijali:<\/strong><\/h4>\n<p>Institut PhLAM (Physique des Lasers, Atomes et Molecules, Univ. Lille, Francuska), Ured za za\u0161titu okoli\u0161a grada Splita<\/p>\n[\/vc_column_text][\/vc_column][\/vc_row][vc_row][vc_column][vc_column_text css=&#8221;.vc_custom_1520603890149{margin-bottom: 0px !important;}&#8221;]\n<h4><strong>Financijski i drugi potencijali:<\/strong><\/h4>\n<ul>\n<li>Mogu\u0107nost prijave bilateralnog projekta s Francuskom<\/li>\n<li>Mogu\u0107nost prijave institucijskih projekata (posebno za mlade znanstvenike)<\/li>\n<li>Mogu\u0107nost prijave projekata HRZZ<\/li>\n<\/ul>\n[\/vc_column_text][vc_column_text css=&#8221;.vc_custom_1726612817780{margin-bottom: 0px !important;}&#8221;]<strong>Znanstveni ciljevi<\/strong> kojima se daje doprinos:<\/p>\n<ul>\n<li>Z-3 (Ja\u010danje suradnje sa Sveu\u010dili\u0161tem u Lille-u i PhLAM institutom)<\/li>\n<li>Z-7 (Nabava prijenosnog CPC ure\u0111aja za mjerenje distribucije atmosferskih \u010destica)<\/li>\n<li>Z-8<\/li>\n<li>Z-9<\/li>\n<li>Z-10<\/li>\n<\/ul>\n<p><strong>Mjerljivi pokazatelji<\/strong> kojima se daje doprinos i vrijednost doprinosa:<\/p>\n<ul>\n<li>R-Z-03: 10<\/li>\n<li>R-Z-07: 1 (PhLAM institut u Lille-u, Francuska)<\/li>\n<li>R-Z-F7: 3 planirana prijava za interni projekt<\/li>\n<li>R-Z-F8: 1 (u planu)<\/li>\n<li>R-Z-F9: 4 (u planu)<\/li>\n<li>R-Z-F10: 10<\/li>\n<\/ul>\n[\/vc_column_text][\/vc_column][\/vc_row][vc_column][\/vc_column]\n<\/div>","protected":false},"excerpt":{"rendered":"<p>[vc_row][vc_column width=&#8221;1\/4&#8243;][mk_title_box color=&#8221;#1e73be&#8221; margin_bottom=&#8221;0&#8243; font_family=&#8221;none&#8221;]Voditelj grupe[\/mk_title_box][mk_employees style=&#8221;boxed&#8221; column=&#8221;1&#8243; employees=&#8221;20332&#8243;][\/vc_column][vc_column width=&#8221;3\/4&#8243;][mk_title_box color=&#8221;#1e73be&#8221; margin_bottom=&#8221;0&#8243; font_family=&#8221;none&#8221;]\u010clanovi grupe[\/mk_title_box][mk_custom_box padding_vertical=&#8221;10&#8243;][mk_custom_list style=&#8221;mk-moon-user-3&#8243;] \u00a0 \u00a0izv. prof. dr. sc. Jadranka \u0160epi\u0107 \u00a0 \u00a0doc. dr. dc. \u017darko Kova\u010d \u00a0 \u00a0Marijana Bali\u0107, mag. phys \u00a0 \u00a0Kre\u0161imir Rui\u0107, mag. phys. \u00a0 \u00a0dr. sc. Cristian Focsa \u00a0 \u00a0dr. sc. Claire Pirim \u00a0 \u00a0dr. sc. Yvain Carpentier \u00a0 [&hellip;]<\/p>\n","protected":false},"author":1,"featured_media":0,"comment_status":"closed","ping_status":"open","sticky":false,"template":"","format":"standard","meta":{"_acf_changed":false,"rs_blank_template":"","rs_page_bg_color":"","slide_template_v7":"","footnotes":""},"categories":[157,149],"tags":[],"poredak":[],"class_list":["post-21413","post","type-post","status-publish","format-standard","hentry","category-istrazivacke-grupe-odjela-za-fiziku","category-nove-istrazivacke-grupe"],"acf":[],"yoast_head":"<!-- This site is optimized with the Yoast SEO plugin v27.4 - https:\/\/yoast.com\/product\/yoast-seo-wordpress\/ -->\n<title>Grupa za istra\u017eivanje i karakterizaciju atmosferskog one\u010di\u0161\u0107enja - Znanstvena djelatnost, PMF Split<\/title>\n<meta name=\"robots\" content=\"noindex, follow\" \/>\n<meta property=\"og:locale\" content=\"hr_HR\" \/>\n<meta property=\"og:type\" content=\"article\" \/>\n<meta property=\"og:title\" content=\"Grupa za istra\u017eivanje i karakterizaciju atmosferskog one\u010di\u0161\u0107enja - Znanstvena djelatnost, PMF Split\" \/>\n<meta property=\"og:description\" content=\"[vc_row][vc_column width=&#8221;1\/4&#8243;][mk_title_box color=&#8221;#1e73be&#8221; margin_bottom=&#8221;0&#8243; font_family=&#8221;none&#8221;]Voditelj grupe[\/mk_title_box][mk_employees style=&#8221;boxed&#8221; column=&#8221;1&#8243; employees=&#8221;20332&#8243;][\/vc_column][vc_column width=&#8221;3\/4&#8243;][mk_title_box color=&#8221;#1e73be&#8221; margin_bottom=&#8221;0&#8243; font_family=&#8221;none&#8221;]\u010clanovi grupe[\/mk_title_box][mk_custom_box padding_vertical=&#8221;10&#8243;][mk_custom_list style=&#8221;mk-moon-user-3&#8243;] \u00a0 \u00a0izv. prof. dr. sc. Jadranka \u0160epi\u0107 \u00a0 \u00a0doc. dr. dc. \u017darko Kova\u010d \u00a0 \u00a0Marijana Bali\u0107, mag. phys \u00a0 \u00a0Kre\u0161imir Rui\u0107, mag. phys. \u00a0 \u00a0dr. sc. Cristian Focsa \u00a0 \u00a0dr. sc. Claire Pirim \u00a0 \u00a0dr. sc. Yvain Carpentier \u00a0 [&hellip;]\" \/>\n<meta property=\"og:url\" content=\"https:\/\/www.pmfst.unist.hr\/znanost\/grupa-za-istrazivanje-i-karakterizaciju-atmosferskog-oneciscenja\/\" \/>\n<meta property=\"og:site_name\" content=\"Znanstvena djelatnost, PMF Split\" \/>\n<meta property=\"article:publisher\" content=\"https:\/\/www.facebook.com\/pmfst\/\" \/>\n<meta property=\"article:published_time\" content=\"2024-07-07T19:11:57+00:00\" \/>\n<meta property=\"article:modified_time\" content=\"2024-12-06T12:48:38+00:00\" \/>\n<meta name=\"author\" content=\"autor\" \/>\n<meta name=\"twitter:card\" content=\"summary_large_image\" \/>\n<meta name=\"twitter:creator\" content=\"@PmfSplit\" \/>\n<meta name=\"twitter:site\" content=\"@PmfSplit\" \/>\n<meta name=\"twitter:label1\" content=\"Napisao\/la\" \/>\n\t<meta name=\"twitter:data1\" content=\"autor\" \/>\n\t<meta name=\"twitter:label2\" content=\"Procijenjeno vrijeme \u010ditanja\" \/>\n\t<meta name=\"twitter:data2\" content=\"1 minuta\" \/>\n<script type=\"application\/ld+json\" class=\"yoast-schema-graph\">{\"@context\":\"https:\\\/\\\/schema.org\",\"@graph\":[{\"@type\":\"Article\",\"@id\":\"https:\\\/\\\/www.pmfst.unist.hr\\\/znanost\\\/grupa-za-istrazivanje-i-karakterizaciju-atmosferskog-oneciscenja\\\/#article\",\"isPartOf\":{\"@id\":\"https:\\\/\\\/www.pmfst.unist.hr\\\/znanost\\\/grupa-za-istrazivanje-i-karakterizaciju-atmosferskog-oneciscenja\\\/\"},\"author\":{\"name\":\"autor\",\"@id\":\"https:\\\/\\\/www.pmfst.unist.hr\\\/znanost\\\/#\\\/schema\\\/person\\\/8c4957fe31fd46303be41a1bd068040a\"},\"headline\":\"Grupa za istra\u017eivanje i karakterizaciju atmosferskog one\u010di\u0161\u0107enja\",\"datePublished\":\"2024-07-07T19:11:57+00:00\",\"dateModified\":\"2024-12-06T12:48:38+00:00\",\"mainEntityOfPage\":{\"@id\":\"https:\\\/\\\/www.pmfst.unist.hr\\\/znanost\\\/grupa-za-istrazivanje-i-karakterizaciju-atmosferskog-oneciscenja\\\/\"},\"wordCount\":375,\"publisher\":{\"@id\":\"https:\\\/\\\/www.pmfst.unist.hr\\\/znanost\\\/#organization\"},\"articleSection\":[\"Istra\u017eiva\u010dke grupe odjela za fiziku\",\"Nove istra\u017eiva\u010dke grupe\"],\"inLanguage\":\"hr\"},{\"@type\":\"WebPage\",\"@id\":\"https:\\\/\\\/www.pmfst.unist.hr\\\/znanost\\\/grupa-za-istrazivanje-i-karakterizaciju-atmosferskog-oneciscenja\\\/\",\"url\":\"https:\\\/\\\/www.pmfst.unist.hr\\\/znanost\\\/grupa-za-istrazivanje-i-karakterizaciju-atmosferskog-oneciscenja\\\/\",\"name\":\"Grupa za istra\u017eivanje i karakterizaciju atmosferskog one\u010di\u0161\u0107enja - Znanstvena djelatnost, PMF Split\",\"isPartOf\":{\"@id\":\"https:\\\/\\\/www.pmfst.unist.hr\\\/znanost\\\/#website\"},\"datePublished\":\"2024-07-07T19:11:57+00:00\",\"dateModified\":\"2024-12-06T12:48:38+00:00\",\"breadcrumb\":{\"@id\":\"https:\\\/\\\/www.pmfst.unist.hr\\\/znanost\\\/grupa-za-istrazivanje-i-karakterizaciju-atmosferskog-oneciscenja\\\/#breadcrumb\"},\"inLanguage\":\"hr\",\"potentialAction\":[{\"@type\":\"ReadAction\",\"target\":[\"https:\\\/\\\/www.pmfst.unist.hr\\\/znanost\\\/grupa-za-istrazivanje-i-karakterizaciju-atmosferskog-oneciscenja\\\/\"]}]},{\"@type\":\"BreadcrumbList\",\"@id\":\"https:\\\/\\\/www.pmfst.unist.hr\\\/znanost\\\/grupa-za-istrazivanje-i-karakterizaciju-atmosferskog-oneciscenja\\\/#breadcrumb\",\"itemListElement\":[{\"@type\":\"ListItem\",\"position\":1,\"name\":\"Po\u010detna stranica\",\"item\":\"https:\\\/\\\/www.pmfst.unist.hr\\\/znanost\\\/\"},{\"@type\":\"ListItem\",\"position\":2,\"name\":\"Grupa za istra\u017eivanje i karakterizaciju atmosferskog one\u010di\u0161\u0107enja\"}]},{\"@type\":\"WebSite\",\"@id\":\"https:\\\/\\\/www.pmfst.unist.hr\\\/znanost\\\/#website\",\"url\":\"https:\\\/\\\/www.pmfst.unist.hr\\\/znanost\\\/\",\"name\":\"Znanstvena djelatnost, PMF Split\",\"description\":\"Znanost -  Prirodoslovno-matemati\u010dki fakultet Sveu\u010dili\u0161ta u Splitu\",\"publisher\":{\"@id\":\"https:\\\/\\\/www.pmfst.unist.hr\\\/znanost\\\/#organization\"},\"potentialAction\":[{\"@type\":\"SearchAction\",\"target\":{\"@type\":\"EntryPoint\",\"urlTemplate\":\"https:\\\/\\\/www.pmfst.unist.hr\\\/znanost\\\/?s={search_term_string}\"},\"query-input\":{\"@type\":\"PropertyValueSpecification\",\"valueRequired\":true,\"valueName\":\"search_term_string\"}}],\"inLanguage\":\"hr\"},{\"@type\":\"Organization\",\"@id\":\"https:\\\/\\\/www.pmfst.unist.hr\\\/znanost\\\/#organization\",\"name\":\"Prirodoslovno-matemati\u010dki fakultet u Splitu\",\"url\":\"https:\\\/\\\/www.pmfst.unist.hr\\\/znanost\\\/\",\"logo\":{\"@type\":\"ImageObject\",\"inLanguage\":\"hr\",\"@id\":\"https:\\\/\\\/www.pmfst.unist.hr\\\/znanost\\\/#\\\/schema\\\/logo\\\/image\\\/\",\"url\":\"https:\\\/\\\/www.pmfst.unist.hr\\\/znanost\\\/wp-content\\\/uploads\\\/sites\\\/29\\\/2018\\\/01\\\/logotip2.png\",\"contentUrl\":\"https:\\\/\\\/www.pmfst.unist.hr\\\/znanost\\\/wp-content\\\/uploads\\\/sites\\\/29\\\/2018\\\/01\\\/logotip2.png\",\"width\":195,\"height\":195,\"caption\":\"Prirodoslovno-matemati\u010dki fakultet u Splitu\"},\"image\":{\"@id\":\"https:\\\/\\\/www.pmfst.unist.hr\\\/znanost\\\/#\\\/schema\\\/logo\\\/image\\\/\"},\"sameAs\":[\"https:\\\/\\\/www.facebook.com\\\/pmfst\\\/\",\"https:\\\/\\\/x.com\\\/PmfSplit\",\"https:\\\/\\\/www.instagram.com\\\/pmfsplit\\\/\",\"https:\\\/\\\/www.youtube.com\\\/channel\\\/UCHVTsYgWvDAsqkWMfa8Jfsg\"]},{\"@type\":\"Person\",\"@id\":\"https:\\\/\\\/www.pmfst.unist.hr\\\/znanost\\\/#\\\/schema\\\/person\\\/8c4957fe31fd46303be41a1bd068040a\",\"name\":\"autor\",\"image\":{\"@type\":\"ImageObject\",\"inLanguage\":\"hr\",\"@id\":\"https:\\\/\\\/secure.gravatar.com\\\/avatar\\\/6433eebff2f3ad31fa432d7f8b7675188a624aea836ebcc106a1d7083a55ef71?s=96&d=mm&r=g\",\"url\":\"https:\\\/\\\/secure.gravatar.com\\\/avatar\\\/6433eebff2f3ad31fa432d7f8b7675188a624aea836ebcc106a1d7083a55ef71?s=96&d=mm&r=g\",\"contentUrl\":\"https:\\\/\\\/secure.gravatar.com\\\/avatar\\\/6433eebff2f3ad31fa432d7f8b7675188a624aea836ebcc106a1d7083a55ef71?s=96&d=mm&r=g\",\"caption\":\"autor\"}}]}<\/script>\n<!-- \/ Yoast SEO plugin. -->","yoast_head_json":{"title":"Grupa za istra\u017eivanje i karakterizaciju atmosferskog one\u010di\u0161\u0107enja - Znanstvena djelatnost, PMF Split","robots":{"index":"noindex","follow":"follow"},"og_locale":"hr_HR","og_type":"article","og_title":"Grupa za istra\u017eivanje i karakterizaciju atmosferskog one\u010di\u0161\u0107enja - Znanstvena djelatnost, PMF Split","og_description":"[vc_row][vc_column width=&#8221;1\/4&#8243;][mk_title_box color=&#8221;#1e73be&#8221; margin_bottom=&#8221;0&#8243; font_family=&#8221;none&#8221;]Voditelj grupe[\/mk_title_box][mk_employees style=&#8221;boxed&#8221; column=&#8221;1&#8243; employees=&#8221;20332&#8243;][\/vc_column][vc_column width=&#8221;3\/4&#8243;][mk_title_box color=&#8221;#1e73be&#8221; margin_bottom=&#8221;0&#8243; font_family=&#8221;none&#8221;]\u010clanovi grupe[\/mk_title_box][mk_custom_box padding_vertical=&#8221;10&#8243;][mk_custom_list style=&#8221;mk-moon-user-3&#8243;] \u00a0 \u00a0izv. prof. dr. sc. Jadranka \u0160epi\u0107 \u00a0 \u00a0doc. dr. dc. \u017darko Kova\u010d \u00a0 \u00a0Marijana Bali\u0107, mag. phys \u00a0 \u00a0Kre\u0161imir Rui\u0107, mag. phys. \u00a0 \u00a0dr. sc. Cristian Focsa \u00a0 \u00a0dr. sc. Claire Pirim \u00a0 \u00a0dr. sc. Yvain Carpentier \u00a0 [&hellip;]","og_url":"https:\/\/www.pmfst.unist.hr\/znanost\/grupa-za-istrazivanje-i-karakterizaciju-atmosferskog-oneciscenja\/","og_site_name":"Znanstvena djelatnost, PMF Split","article_publisher":"https:\/\/www.facebook.com\/pmfst\/","article_published_time":"2024-07-07T19:11:57+00:00","article_modified_time":"2024-12-06T12:48:38+00:00","author":"autor","twitter_card":"summary_large_image","twitter_creator":"@PmfSplit","twitter_site":"@PmfSplit","twitter_misc":{"Napisao\/la":"autor","Procijenjeno vrijeme \u010ditanja":"1 minuta"},"schema":{"@context":"https:\/\/schema.org","@graph":[{"@type":"Article","@id":"https:\/\/www.pmfst.unist.hr\/znanost\/grupa-za-istrazivanje-i-karakterizaciju-atmosferskog-oneciscenja\/#article","isPartOf":{"@id":"https:\/\/www.pmfst.unist.hr\/znanost\/grupa-za-istrazivanje-i-karakterizaciju-atmosferskog-oneciscenja\/"},"author":{"name":"autor","@id":"https:\/\/www.pmfst.unist.hr\/znanost\/#\/schema\/person\/8c4957fe31fd46303be41a1bd068040a"},"headline":"Grupa za istra\u017eivanje i karakterizaciju atmosferskog one\u010di\u0161\u0107enja","datePublished":"2024-07-07T19:11:57+00:00","dateModified":"2024-12-06T12:48:38+00:00","mainEntityOfPage":{"@id":"https:\/\/www.pmfst.unist.hr\/znanost\/grupa-za-istrazivanje-i-karakterizaciju-atmosferskog-oneciscenja\/"},"wordCount":375,"publisher":{"@id":"https:\/\/www.pmfst.unist.hr\/znanost\/#organization"},"articleSection":["Istra\u017eiva\u010dke grupe odjela za fiziku","Nove istra\u017eiva\u010dke grupe"],"inLanguage":"hr"},{"@type":"WebPage","@id":"https:\/\/www.pmfst.unist.hr\/znanost\/grupa-za-istrazivanje-i-karakterizaciju-atmosferskog-oneciscenja\/","url":"https:\/\/www.pmfst.unist.hr\/znanost\/grupa-za-istrazivanje-i-karakterizaciju-atmosferskog-oneciscenja\/","name":"Grupa za istra\u017eivanje i karakterizaciju atmosferskog one\u010di\u0161\u0107enja - Znanstvena djelatnost, PMF Split","isPartOf":{"@id":"https:\/\/www.pmfst.unist.hr\/znanost\/#website"},"datePublished":"2024-07-07T19:11:57+00:00","dateModified":"2024-12-06T12:48:38+00:00","breadcrumb":{"@id":"https:\/\/www.pmfst.unist.hr\/znanost\/grupa-za-istrazivanje-i-karakterizaciju-atmosferskog-oneciscenja\/#breadcrumb"},"inLanguage":"hr","potentialAction":[{"@type":"ReadAction","target":["https:\/\/www.pmfst.unist.hr\/znanost\/grupa-za-istrazivanje-i-karakterizaciju-atmosferskog-oneciscenja\/"]}]},{"@type":"BreadcrumbList","@id":"https:\/\/www.pmfst.unist.hr\/znanost\/grupa-za-istrazivanje-i-karakterizaciju-atmosferskog-oneciscenja\/#breadcrumb","itemListElement":[{"@type":"ListItem","position":1,"name":"Po\u010detna stranica","item":"https:\/\/www.pmfst.unist.hr\/znanost\/"},{"@type":"ListItem","position":2,"name":"Grupa za istra\u017eivanje i karakterizaciju atmosferskog one\u010di\u0161\u0107enja"}]},{"@type":"WebSite","@id":"https:\/\/www.pmfst.unist.hr\/znanost\/#website","url":"https:\/\/www.pmfst.unist.hr\/znanost\/","name":"Znanstvena djelatnost, PMF Split","description":"Znanost -  Prirodoslovno-matemati\u010dki fakultet Sveu\u010dili\u0161ta u Splitu","publisher":{"@id":"https:\/\/www.pmfst.unist.hr\/znanost\/#organization"},"potentialAction":[{"@type":"SearchAction","target":{"@type":"EntryPoint","urlTemplate":"https:\/\/www.pmfst.unist.hr\/znanost\/?s={search_term_string}"},"query-input":{"@type":"PropertyValueSpecification","valueRequired":true,"valueName":"search_term_string"}}],"inLanguage":"hr"},{"@type":"Organization","@id":"https:\/\/www.pmfst.unist.hr\/znanost\/#organization","name":"Prirodoslovno-matemati\u010dki fakultet u Splitu","url":"https:\/\/www.pmfst.unist.hr\/znanost\/","logo":{"@type":"ImageObject","inLanguage":"hr","@id":"https:\/\/www.pmfst.unist.hr\/znanost\/#\/schema\/logo\/image\/","url":"https:\/\/www.pmfst.unist.hr\/znanost\/wp-content\/uploads\/sites\/29\/2018\/01\/logotip2.png","contentUrl":"https:\/\/www.pmfst.unist.hr\/znanost\/wp-content\/uploads\/sites\/29\/2018\/01\/logotip2.png","width":195,"height":195,"caption":"Prirodoslovno-matemati\u010dki fakultet u Splitu"},"image":{"@id":"https:\/\/www.pmfst.unist.hr\/znanost\/#\/schema\/logo\/image\/"},"sameAs":["https:\/\/www.facebook.com\/pmfst\/","https:\/\/x.com\/PmfSplit","https:\/\/www.instagram.com\/pmfsplit\/","https:\/\/www.youtube.com\/channel\/UCHVTsYgWvDAsqkWMfa8Jfsg"]},{"@type":"Person","@id":"https:\/\/www.pmfst.unist.hr\/znanost\/#\/schema\/person\/8c4957fe31fd46303be41a1bd068040a","name":"autor","image":{"@type":"ImageObject","inLanguage":"hr","@id":"https:\/\/secure.gravatar.com\/avatar\/6433eebff2f3ad31fa432d7f8b7675188a624aea836ebcc106a1d7083a55ef71?s=96&d=mm&r=g","url":"https:\/\/secure.gravatar.com\/avatar\/6433eebff2f3ad31fa432d7f8b7675188a624aea836ebcc106a1d7083a55ef71?s=96&d=mm&r=g","contentUrl":"https:\/\/secure.gravatar.com\/avatar\/6433eebff2f3ad31fa432d7f8b7675188a624aea836ebcc106a1d7083a55ef71?s=96&d=mm&r=g","caption":"autor"}}]}},"_links":{"self":[{"href":"https:\/\/www.pmfst.unist.hr\/znanost\/wp-json\/wp\/v2\/posts\/21413","targetHints":{"allow":["GET"]}}],"collection":[{"href":"https:\/\/www.pmfst.unist.hr\/znanost\/wp-json\/wp\/v2\/posts"}],"about":[{"href":"https:\/\/www.pmfst.unist.hr\/znanost\/wp-json\/wp\/v2\/types\/post"}],"author":[{"embeddable":true,"href":"https:\/\/www.pmfst.unist.hr\/znanost\/wp-json\/wp\/v2\/users\/1"}],"replies":[{"embeddable":true,"href":"https:\/\/www.pmfst.unist.hr\/znanost\/wp-json\/wp\/v2\/comments?post=21413"}],"version-history":[{"count":0,"href":"https:\/\/www.pmfst.unist.hr\/znanost\/wp-json\/wp\/v2\/posts\/21413\/revisions"}],"wp:attachment":[{"href":"https:\/\/www.pmfst.unist.hr\/znanost\/wp-json\/wp\/v2\/media?parent=21413"}],"wp:term":[{"taxonomy":"category","embeddable":true,"href":"https:\/\/www.pmfst.unist.hr\/znanost\/wp-json\/wp\/v2\/categories?post=21413"},{"taxonomy":"post_tag","embeddable":true,"href":"https:\/\/www.pmfst.unist.hr\/znanost\/wp-json\/wp\/v2\/tags?post=21413"},{"taxonomy":"poredak","embeddable":true,"href":"https:\/\/www.pmfst.unist.hr\/znanost\/wp-json\/wp\/v2\/poredak?post=21413"}],"curies":[{"name":"wp","href":"https:\/\/api.w.org\/{rel}","templated":true}]}}