{"id":21437,"date":"2024-07-07T21:28:55","date_gmt":"2024-07-07T19:28:55","guid":{"rendered":"https:\/\/www.pmfst.unist.hr\/znanost\/?p=21437"},"modified":"2024-12-06T13:46:37","modified_gmt":"2024-12-06T12:46:37","slug":"grupa-za-auditornu-neurofiziku-i-medicinsku-bioniku-kovacic-lab","status":"publish","type":"post","link":"https:\/\/www.pmfst.unist.hr\/znanost\/grupa-za-auditornu-neurofiziku-i-medicinsku-bioniku-kovacic-lab\/","title":{"rendered":"Grupa za auditornu neurofiziku i medicinsku bioniku (Kova\u010di\u0107 Lab)"},"content":{"rendered":"<div class=\"wpb-content-wrapper\">[vc_row][vc_column width=&#8221;1\/4&#8243;][mk_title_box color=&#8221;#1e73be&#8221; margin_bottom=&#8221;0&#8243; font_family=&#8221;none&#8221;]<b>Voditelj grupe<\/b>[\/mk_title_box][mk_employees style=&#8221;boxed&#8221; column=&#8221;1&#8243; employees=&#8221;18730&#8243;][\/vc_column][vc_column width=&#8221;3\/4&#8243;][mk_title_box color=&#8221;#1e73be&#8221; margin_bottom=&#8221;0&#8243; font_family=&#8221;none&#8221;]<b>\u010clanovi grupe<\/b>[\/mk_title_box][mk_custom_box padding_vertical=&#8221;10&#8243;][mk_custom_list style=&#8221;mk-moon-user-3&#8243;]\n<ul>\n<li><span style=\"font-size: 14pt\">\u00a0 \u00a0Jelena \u017darkovi\u0107<\/span><\/li>\n<li><span style=\"font-size: 14pt\">\u00a0 \u00a0Boris Delipetar<\/span><\/li>\n<li><span style=\"font-size: 14pt\">\u00a0 \u00a0Viktorija Radoti\u0107<\/span><\/li>\n<li><span style=\"font-size: 14pt\">\u00a0 \u00a0Ana Bedalov<\/span><\/li>\n<li><span style=\"font-size: 14pt\">\u00a0 \u00a0Ivica Grkovi\u0107<\/span><\/li>\n<li><span style=\"font-size: 14pt\">\u00a0 \u00a0Davor Sunara<\/span><\/li>\n<li><span style=\"font-size: 14pt\">\u00a0 \u00a0Ton\u0107i Kozina<\/span><\/li>\n<li><span style=\"font-size: 14pt\">\u00a0 \u00a0Miroslav Vranki\u0107<\/span><\/li>\n<li><span style=\"font-size: 14pt\">\u00a0 \u00a0Chris James (Toulouse)<\/span><\/li>\n<li><span style=\"font-size: 14pt\">\u00a0 \u00a0Slaven Garaj (Singapore)<\/span><\/li>\n<li><span style=\"font-size: 14pt\">\u00a0 \u00a0Olivier Macherey (Marseille)<\/span><\/li>\n<li><span style=\"font-size: 14pt\">\u00a0 \u00a0Myles Mc Laughlin (Leuven)<\/span><\/li>\n<li><span style=\"font-size: 14pt\">\u00a0 \u00a0Dries Braeken (Leuven)<\/span><\/li>\n<li><span style=\"font-size: 14pt\">\u00a0 \u00a0Manohar Bance (Cambridge)<\/span><\/li>\n<li><span style=\"font-size: 14pt\">\u00a0 \u00a0Birger Kollmeier (Oldenburg)\u00a0\u00a0<\/span><\/li>\n<\/ul>\n[\/mk_custom_list][\/mk_custom_box][\/vc_column][\/vc_row][vc_row][vc_column][mk_title_box color=&#8221;#1e73be&#8221; font_family=&#8221;none&#8221;]<strong>Odjel\/Katedra: <\/strong><\/p>\n<p>Odjel za fiziku[\/mk_title_box][vc_column_text css=&#8221;.vc_custom_1520591712979{margin-bottom: 0px !important;}&#8221;]\n<h4><strong>Opis istra\u017eivanja:<\/strong><\/h4>\n<p>Grupa za auditornu neurofiziku i medicinsku bioniku na Prirodoslovno-matemati\u010dkom fakultetu Sveu\u010dili\u0161ta u Splitu provodi temeljna i primijenjena istra\u017eivanja u podru\u010dju neurofizike slu\u0161anja i govora, te medicinske neuroelektronike. Temeljna istra\u017eivanja su vezana uz razumijevanje neuralne podloge slu\u0161anja u osoba s umjetnom pu\u017enicom (kohlearnim implantatom). Kohlearni implant je najuspje\u0161niji biomedicinski neuroprotetski funkcionalni ure\u0111aj koji omogu\u0107uje osjet zvuka u gluhih i te\u0161ko nagluhih osoba. Osnovna metodologija se temelji na prou\u010davanju neuralnog odgovora na zvu\u010dne podra\u017eaje izazvanih s umjetnom pu\u017enicom i \u010diji su odgovori snimljeni s naprednim sustavom za evocirane potencijale sa 128 kanala (128-channel high-density evoked potential system) smje\u0161tenog u laboratorijsko-audiometrijskoj komori koja zadovoljava ISO-8253.2. standard. S druge strane, primijenjena istra\u017eivanja su vezana uz razvoj inovativnog auditorno neuroelektroni\u010dkog su\u010delja kao modela za novu generaciju kohlearnih implantata i ostalih ure\u0111aja medicinske bionike. Na\u0161 osnovni koncept se temelji na spajanju \u017eiv\u010danog sustava, uzgojenog putem in-vitro neuronskih kultura (auditornog \u017eivca, te kohlearnog nukleusa) sa poluvodi\u010dkim CMOS supstratima s igli\u010dastim strukturama (\u010dipovima) i ideji da minijaturizacijom elektroda omogu\u0107imo svakom auditornom neuronu jedinstvenu pobudu s povratnom vezom.<\/p>\n[\/vc_column_text][vc_column_text css=&#8221;.vc_custom_1520591959083{margin-bottom: 0px !important;}&#8221;]\n<h4><strong>Partnerski potencijali:<\/strong><\/h4>\n<ul>\n<li>Akademski sektor: Medicinski fakultet Sveu\u010dili\u0161ta u Splitu, LMA &#8211; Laboratoire de M\u00e9canique et d&#8217;Acoustique, Sveu\u010dili\u0161te u Marseilleu, National University of Singapore (Graphene center), KU Leuven, University of Cambridge (Sensory Encoding and Neurosensory Engineering (SENSE) Lab), The Cluster of Excellence Hearing4all (University of Oldenburg)<\/li>\n<li>Gospodarski sektor: Cochlear SAS France (Toulouse), imec vzw (Leuven), E-GLAS d.o.o, Bedalov d.o.o., Forum Auditum d.o.o.<\/li>\n<\/ul>\n[\/vc_column_text][\/vc_column][\/vc_row][vc_row][vc_column][vc_column_text css=&#8221;.vc_custom_1726613304491{margin-bottom: 0px !important;}&#8221;]\n<h4><strong>Financijski i drugi potencijali:<\/strong><\/h4>\n<ul>\n<li>STIM T-NEW (produ\u017eenje Znanstvenog centra izvrsnosti STIM REI za novo razdoblje do 2025-2026<\/li>\n<li>HAMAG BICRO PoC<\/li>\n<li>Ciljana znanstvena istra\u017eivanja ZCI (partnerstvo na dva prijavljena projekta)<\/li>\n<li>Industrijska tranzicija<\/li>\n<li>Hrvatski centar kompetencija za poluvodi\u010de<\/li>\n<\/ul>\n[\/vc_column_text][vc_column_text css=&#8221;.vc_custom_1726613360210{margin-bottom: 0px !important;}&#8221;]<strong>Znanstveni ciljevi<\/strong> kojima se daje doprinos:<\/p>\n<ul>\n<li>Z-1 (Optimizacija laboratorijskih protokola za stani\u010dni in-vitro auditornih neurona na Sveu\u010dili\u0161tu u Splitu kroz ja\u010danje suradnje izme\u0111u Nastambe za pokusne \u017eivotinje i PMFST-a)<\/li>\n<li>Z-2 (Sudjelovanje u me\u0111unarodnim konzorcijima u svojstvu voditelja ili partnera)<\/li>\n<li>Z-3 (Ja\u010danje me\u0111unarodne znanstvene suradnje i znanstvene aktivnosti)<\/li>\n<li>Z4 (Planirano zapo\u0161ljavanje stru\u010dnih suradnika i savjetnika na prijavljenih projektima)<\/li>\n<li>Z-5 (Ja\u010danje konkurentnosti mladih znanstvenika)<\/li>\n<li>Z-9 (Uklju\u010denje znanstvenika i stru\u010dnjaka raznih profila: fizika, biologija, medicina, ra\u010dunarstvo, strojarstvo, veterina)<\/li>\n<li>Z-10 (Ja\u010danje diseminacije rezultata znanstvenih istra\u017eivanja)<\/li>\n<li>G-1 (Poticanje provedbe primijenjenih znanstvenih aktivnosti)<\/li>\n<li>G-2 (Ja\u010danje ljudskih potencijala za primijenjena istra\u017eivanja i stru\u010dne aktivnosti)<\/li>\n<li>G-6 (Unaprje\u0111enje pru\u017eanja znanstveno-istra\u017eiva\u010dkih usluga na slobodnom tr\u017ei\u0161tu)<\/li>\n<li>G-8 (Ja\u010danje diseminacija primijenjenih znanstveno-istra\u017eiva\u010dkih rezultata)<\/li>\n<\/ul>\n<p><strong>Mjerljivi pokazatelji<\/strong> kojima se daje doprinos i vrijednost doprinosa:<\/p>\n<ul>\n<li>R-Z-02 \u2013 Vrijednost kompetitivnih znanstvenih projekata (vidljivo po vrstama: ERC, ostali me\u0111unarodni programi): ukupno 150.000\u20ac (od toga 76.000 \u20ac HRZZ \u2013 razvoj karijere mladih istra\u017eiva\u010da 2019-2023);<\/li>\n<li>R-Z-03 \u2013 Broj znanstvenih radova u SCOPUS i WoS, A1 \u010dasopisima te me\u0111unarodno recenziranim zbornicima za DHZ : ukupno 6 (od toga 1 (2023), 5 (2024-2026))<\/li>\n<li>R-Z-07 \u2013 Broj suradnji s inozemnim partnerima : ukupno 4<\/li>\n<li>R-Z-11 \u2013 Broj znanstvenika zaposlenih na teret namjenskih\/vlastitih sredstava: ukupno 6 (od toga 2 u 2023)<\/li>\n<li>R-Z-F2 \u2013 Broj tematskih fakultetskih seminara, radionica i drugih doga\u0111aja; te broj sudionika na doga\u0111ajima: ukupno 5 (1 organizirana konferencija SPIN 2023 (80 sudionika iz 15 zemalja), 1 organiziran zaseban panel na znanstvenom kongresu (EFAS 2023, \u0160ibenik s preko 400 sudionika) ; planirano jo\u0161 3 u 2024-2026<\/li>\n<li>R-Z-F4 \u2013 Broj sklopljenih sporazuma\/ugovora o suradnji, te drugih oblika partnerstava: ukupno 4 (1 je u tijeku potpisivanja, planirano jo\u0161 3)<\/li>\n<li>R-Z-F5 \u2013 Broj zaposlenika koji su sudjelovali na tematskim znanstvenim doga\u0111ajima (interni, vanjski, me\u0111unarodni): 6<\/li>\n<li>R-Z-F6 \u2013 Broj prijavljenih znanstveno-istra\u017eiva\u010dkih projekata (kompetitivnih, institucijskih i ostalih): 5<\/li>\n<li>R-Z-F8 \u2013 Broj znanstveno-istra\u017eiva\u010dkih projekata s gospodarstvom \u2013 ukupno 6 (od toga prijavljena 2 projekta s partnerima E-GLAS d.o.o. i ELMAR Electronic d.o.o. )<\/li>\n<li>R-Z-F10 \u2013 Broj prezentacija i radova prezentiranih na konferencijama ili drugim doga\u0111ajima, odnosno zbornicima skupova: 8<\/li>\n<li>R-G-02 \u2013 Broj formalnih suradnji s gospodarskim subjektima te ustanovama iz kulture i obrazovanja: 2 (od toga 1 je Cochlear SAS)<\/li>\n<li>R-G-F4 &#8211; Broj objava u javnim medijima o aktivnostima i rezultatima primijenjenih i stru\u010dnih aktivnosti: 4<\/li>\n<\/ul>\n[\/vc_column_text][\/vc_column][\/vc_row][vc_column][\/vc_column]\n<\/div>","protected":false},"excerpt":{"rendered":"<p>[vc_row][vc_column width=&#8221;1\/4&#8243;][mk_title_box color=&#8221;#1e73be&#8221; margin_bottom=&#8221;0&#8243; font_family=&#8221;none&#8221;]Voditelj grupe[\/mk_title_box][mk_employees style=&#8221;boxed&#8221; column=&#8221;1&#8243; employees=&#8221;18730&#8243;][\/vc_column][vc_column width=&#8221;3\/4&#8243;][mk_title_box color=&#8221;#1e73be&#8221; margin_bottom=&#8221;0&#8243; font_family=&#8221;none&#8221;]\u010clanovi grupe[\/mk_title_box][mk_custom_box padding_vertical=&#8221;10&#8243;][mk_custom_list style=&#8221;mk-moon-user-3&#8243;] \u00a0 \u00a0Jelena \u017darkovi\u0107 \u00a0 \u00a0Boris Delipetar \u00a0 \u00a0Viktorija Radoti\u0107 \u00a0 \u00a0Ana Bedalov \u00a0 \u00a0Ivica Grkovi\u0107 \u00a0 \u00a0Davor Sunara \u00a0 \u00a0Ton\u0107i Kozina \u00a0 \u00a0Miroslav Vranki\u0107 \u00a0 \u00a0Chris James (Toulouse) \u00a0 \u00a0Slaven Garaj (Singapore) \u00a0 \u00a0Olivier Macherey (Marseille) \u00a0 \u00a0Myles Mc [&hellip;]<\/p>\n","protected":false},"author":1,"featured_media":0,"comment_status":"closed","ping_status":"open","sticky":false,"template":"","format":"standard","meta":{"_acf_changed":false,"rs_blank_template":"","rs_page_bg_color":"","slide_template_v7":"","footnotes":""},"categories":[157,149],"tags":[],"poredak":[],"class_list":["post-21437","post","type-post","status-publish","format-standard","hentry","category-istrazivacke-grupe-odjela-za-fiziku","category-nove-istrazivacke-grupe"],"acf":[],"yoast_head":"<!-- This site is optimized with the Yoast SEO plugin v27.4 - https:\/\/yoast.com\/product\/yoast-seo-wordpress\/ -->\n<title>Grupa za auditornu neurofiziku i medicinsku bioniku (Kova\u010di\u0107 Lab) - Znanstvena djelatnost, PMF Split<\/title>\n<meta name=\"robots\" content=\"noindex, follow\" \/>\n<meta property=\"og:locale\" content=\"hr_HR\" \/>\n<meta property=\"og:type\" content=\"article\" \/>\n<meta property=\"og:title\" content=\"Grupa za auditornu neurofiziku i medicinsku bioniku (Kova\u010di\u0107 Lab) - Znanstvena djelatnost, PMF Split\" \/>\n<meta property=\"og:description\" content=\"[vc_row][vc_column width=&#8221;1\/4&#8243;][mk_title_box color=&#8221;#1e73be&#8221; margin_bottom=&#8221;0&#8243; font_family=&#8221;none&#8221;]Voditelj grupe[\/mk_title_box][mk_employees style=&#8221;boxed&#8221; column=&#8221;1&#8243; employees=&#8221;18730&#8243;][\/vc_column][vc_column width=&#8221;3\/4&#8243;][mk_title_box color=&#8221;#1e73be&#8221; margin_bottom=&#8221;0&#8243; font_family=&#8221;none&#8221;]\u010clanovi grupe[\/mk_title_box][mk_custom_box padding_vertical=&#8221;10&#8243;][mk_custom_list style=&#8221;mk-moon-user-3&#8243;] \u00a0 \u00a0Jelena \u017darkovi\u0107 \u00a0 \u00a0Boris Delipetar \u00a0 \u00a0Viktorija Radoti\u0107 \u00a0 \u00a0Ana Bedalov \u00a0 \u00a0Ivica Grkovi\u0107 \u00a0 \u00a0Davor Sunara \u00a0 \u00a0Ton\u0107i Kozina \u00a0 \u00a0Miroslav Vranki\u0107 \u00a0 \u00a0Chris James (Toulouse) \u00a0 \u00a0Slaven Garaj (Singapore) \u00a0 \u00a0Olivier Macherey (Marseille) \u00a0 \u00a0Myles Mc [&hellip;]\" \/>\n<meta property=\"og:url\" content=\"https:\/\/www.pmfst.unist.hr\/znanost\/grupa-za-auditornu-neurofiziku-i-medicinsku-bioniku-kovacic-lab\/\" \/>\n<meta property=\"og:site_name\" content=\"Znanstvena djelatnost, PMF Split\" \/>\n<meta property=\"article:publisher\" content=\"https:\/\/www.facebook.com\/pmfst\/\" \/>\n<meta property=\"article:published_time\" content=\"2024-07-07T19:28:55+00:00\" \/>\n<meta property=\"article:modified_time\" content=\"2024-12-06T12:46:37+00:00\" \/>\n<meta name=\"author\" content=\"autor\" \/>\n<meta name=\"twitter:card\" content=\"summary_large_image\" \/>\n<meta name=\"twitter:creator\" content=\"@PmfSplit\" \/>\n<meta name=\"twitter:site\" content=\"@PmfSplit\" \/>\n<meta name=\"twitter:label1\" content=\"Napisao\/la\" \/>\n\t<meta name=\"twitter:data1\" content=\"autor\" \/>\n\t<meta name=\"twitter:label2\" content=\"Procijenjeno vrijeme \u010ditanja\" \/>\n\t<meta name=\"twitter:data2\" content=\"4 minute\" \/>\n<script type=\"application\/ld+json\" class=\"yoast-schema-graph\">{\"@context\":\"https:\\\/\\\/schema.org\",\"@graph\":[{\"@type\":\"Article\",\"@id\":\"https:\\\/\\\/www.pmfst.unist.hr\\\/znanost\\\/grupa-za-auditornu-neurofiziku-i-medicinsku-bioniku-kovacic-lab\\\/#article\",\"isPartOf\":{\"@id\":\"https:\\\/\\\/www.pmfst.unist.hr\\\/znanost\\\/grupa-za-auditornu-neurofiziku-i-medicinsku-bioniku-kovacic-lab\\\/\"},\"author\":{\"name\":\"autor\",\"@id\":\"https:\\\/\\\/www.pmfst.unist.hr\\\/znanost\\\/#\\\/schema\\\/person\\\/8c4957fe31fd46303be41a1bd068040a\"},\"headline\":\"Grupa za auditornu neurofiziku i medicinsku bioniku (Kova\u010di\u0107 Lab)\",\"datePublished\":\"2024-07-07T19:28:55+00:00\",\"dateModified\":\"2024-12-06T12:46:37+00:00\",\"mainEntityOfPage\":{\"@id\":\"https:\\\/\\\/www.pmfst.unist.hr\\\/znanost\\\/grupa-za-auditornu-neurofiziku-i-medicinsku-bioniku-kovacic-lab\\\/\"},\"wordCount\":881,\"publisher\":{\"@id\":\"https:\\\/\\\/www.pmfst.unist.hr\\\/znanost\\\/#organization\"},\"articleSection\":[\"Istra\u017eiva\u010dke grupe odjela za fiziku\",\"Nove istra\u017eiva\u010dke grupe\"],\"inLanguage\":\"hr\"},{\"@type\":\"WebPage\",\"@id\":\"https:\\\/\\\/www.pmfst.unist.hr\\\/znanost\\\/grupa-za-auditornu-neurofiziku-i-medicinsku-bioniku-kovacic-lab\\\/\",\"url\":\"https:\\\/\\\/www.pmfst.unist.hr\\\/znanost\\\/grupa-za-auditornu-neurofiziku-i-medicinsku-bioniku-kovacic-lab\\\/\",\"name\":\"Grupa za auditornu neurofiziku i medicinsku bioniku (Kova\u010di\u0107 Lab) - Znanstvena djelatnost, PMF Split\",\"isPartOf\":{\"@id\":\"https:\\\/\\\/www.pmfst.unist.hr\\\/znanost\\\/#website\"},\"datePublished\":\"2024-07-07T19:28:55+00:00\",\"dateModified\":\"2024-12-06T12:46:37+00:00\",\"breadcrumb\":{\"@id\":\"https:\\\/\\\/www.pmfst.unist.hr\\\/znanost\\\/grupa-za-auditornu-neurofiziku-i-medicinsku-bioniku-kovacic-lab\\\/#breadcrumb\"},\"inLanguage\":\"hr\",\"potentialAction\":[{\"@type\":\"ReadAction\",\"target\":[\"https:\\\/\\\/www.pmfst.unist.hr\\\/znanost\\\/grupa-za-auditornu-neurofiziku-i-medicinsku-bioniku-kovacic-lab\\\/\"]}]},{\"@type\":\"BreadcrumbList\",\"@id\":\"https:\\\/\\\/www.pmfst.unist.hr\\\/znanost\\\/grupa-za-auditornu-neurofiziku-i-medicinsku-bioniku-kovacic-lab\\\/#breadcrumb\",\"itemListElement\":[{\"@type\":\"ListItem\",\"position\":1,\"name\":\"Po\u010detna stranica\",\"item\":\"https:\\\/\\\/www.pmfst.unist.hr\\\/znanost\\\/\"},{\"@type\":\"ListItem\",\"position\":2,\"name\":\"Grupa za auditornu neurofiziku i medicinsku bioniku (Kova\u010di\u0107 Lab)\"}]},{\"@type\":\"WebSite\",\"@id\":\"https:\\\/\\\/www.pmfst.unist.hr\\\/znanost\\\/#website\",\"url\":\"https:\\\/\\\/www.pmfst.unist.hr\\\/znanost\\\/\",\"name\":\"Znanstvena djelatnost, PMF Split\",\"description\":\"Znanost -  Prirodoslovno-matemati\u010dki fakultet Sveu\u010dili\u0161ta u Splitu\",\"publisher\":{\"@id\":\"https:\\\/\\\/www.pmfst.unist.hr\\\/znanost\\\/#organization\"},\"potentialAction\":[{\"@type\":\"SearchAction\",\"target\":{\"@type\":\"EntryPoint\",\"urlTemplate\":\"https:\\\/\\\/www.pmfst.unist.hr\\\/znanost\\\/?s={search_term_string}\"},\"query-input\":{\"@type\":\"PropertyValueSpecification\",\"valueRequired\":true,\"valueName\":\"search_term_string\"}}],\"inLanguage\":\"hr\"},{\"@type\":\"Organization\",\"@id\":\"https:\\\/\\\/www.pmfst.unist.hr\\\/znanost\\\/#organization\",\"name\":\"Prirodoslovno-matemati\u010dki fakultet u Splitu\",\"url\":\"https:\\\/\\\/www.pmfst.unist.hr\\\/znanost\\\/\",\"logo\":{\"@type\":\"ImageObject\",\"inLanguage\":\"hr\",\"@id\":\"https:\\\/\\\/www.pmfst.unist.hr\\\/znanost\\\/#\\\/schema\\\/logo\\\/image\\\/\",\"url\":\"https:\\\/\\\/www.pmfst.unist.hr\\\/znanost\\\/wp-content\\\/uploads\\\/sites\\\/29\\\/2018\\\/01\\\/logotip2.png\",\"contentUrl\":\"https:\\\/\\\/www.pmfst.unist.hr\\\/znanost\\\/wp-content\\\/uploads\\\/sites\\\/29\\\/2018\\\/01\\\/logotip2.png\",\"width\":195,\"height\":195,\"caption\":\"Prirodoslovno-matemati\u010dki fakultet u Splitu\"},\"image\":{\"@id\":\"https:\\\/\\\/www.pmfst.unist.hr\\\/znanost\\\/#\\\/schema\\\/logo\\\/image\\\/\"},\"sameAs\":[\"https:\\\/\\\/www.facebook.com\\\/pmfst\\\/\",\"https:\\\/\\\/x.com\\\/PmfSplit\",\"https:\\\/\\\/www.instagram.com\\\/pmfsplit\\\/\",\"https:\\\/\\\/www.youtube.com\\\/channel\\\/UCHVTsYgWvDAsqkWMfa8Jfsg\"]},{\"@type\":\"Person\",\"@id\":\"https:\\\/\\\/www.pmfst.unist.hr\\\/znanost\\\/#\\\/schema\\\/person\\\/8c4957fe31fd46303be41a1bd068040a\",\"name\":\"autor\",\"image\":{\"@type\":\"ImageObject\",\"inLanguage\":\"hr\",\"@id\":\"https:\\\/\\\/secure.gravatar.com\\\/avatar\\\/6433eebff2f3ad31fa432d7f8b7675188a624aea836ebcc106a1d7083a55ef71?s=96&d=mm&r=g\",\"url\":\"https:\\\/\\\/secure.gravatar.com\\\/avatar\\\/6433eebff2f3ad31fa432d7f8b7675188a624aea836ebcc106a1d7083a55ef71?s=96&d=mm&r=g\",\"contentUrl\":\"https:\\\/\\\/secure.gravatar.com\\\/avatar\\\/6433eebff2f3ad31fa432d7f8b7675188a624aea836ebcc106a1d7083a55ef71?s=96&d=mm&r=g\",\"caption\":\"autor\"}}]}<\/script>\n<!-- \/ Yoast SEO plugin. -->","yoast_head_json":{"title":"Grupa za auditornu neurofiziku i medicinsku bioniku (Kova\u010di\u0107 Lab) - Znanstvena djelatnost, PMF Split","robots":{"index":"noindex","follow":"follow"},"og_locale":"hr_HR","og_type":"article","og_title":"Grupa za auditornu neurofiziku i medicinsku bioniku (Kova\u010di\u0107 Lab) - Znanstvena djelatnost, PMF Split","og_description":"[vc_row][vc_column width=&#8221;1\/4&#8243;][mk_title_box color=&#8221;#1e73be&#8221; margin_bottom=&#8221;0&#8243; font_family=&#8221;none&#8221;]Voditelj grupe[\/mk_title_box][mk_employees style=&#8221;boxed&#8221; column=&#8221;1&#8243; employees=&#8221;18730&#8243;][\/vc_column][vc_column width=&#8221;3\/4&#8243;][mk_title_box color=&#8221;#1e73be&#8221; margin_bottom=&#8221;0&#8243; font_family=&#8221;none&#8221;]\u010clanovi grupe[\/mk_title_box][mk_custom_box padding_vertical=&#8221;10&#8243;][mk_custom_list style=&#8221;mk-moon-user-3&#8243;] \u00a0 \u00a0Jelena \u017darkovi\u0107 \u00a0 \u00a0Boris Delipetar \u00a0 \u00a0Viktorija Radoti\u0107 \u00a0 \u00a0Ana Bedalov \u00a0 \u00a0Ivica Grkovi\u0107 \u00a0 \u00a0Davor Sunara \u00a0 \u00a0Ton\u0107i Kozina \u00a0 \u00a0Miroslav Vranki\u0107 \u00a0 \u00a0Chris James (Toulouse) \u00a0 \u00a0Slaven Garaj (Singapore) \u00a0 \u00a0Olivier Macherey (Marseille) \u00a0 \u00a0Myles Mc [&hellip;]","og_url":"https:\/\/www.pmfst.unist.hr\/znanost\/grupa-za-auditornu-neurofiziku-i-medicinsku-bioniku-kovacic-lab\/","og_site_name":"Znanstvena djelatnost, PMF Split","article_publisher":"https:\/\/www.facebook.com\/pmfst\/","article_published_time":"2024-07-07T19:28:55+00:00","article_modified_time":"2024-12-06T12:46:37+00:00","author":"autor","twitter_card":"summary_large_image","twitter_creator":"@PmfSplit","twitter_site":"@PmfSplit","twitter_misc":{"Napisao\/la":"autor","Procijenjeno vrijeme \u010ditanja":"4 minute"},"schema":{"@context":"https:\/\/schema.org","@graph":[{"@type":"Article","@id":"https:\/\/www.pmfst.unist.hr\/znanost\/grupa-za-auditornu-neurofiziku-i-medicinsku-bioniku-kovacic-lab\/#article","isPartOf":{"@id":"https:\/\/www.pmfst.unist.hr\/znanost\/grupa-za-auditornu-neurofiziku-i-medicinsku-bioniku-kovacic-lab\/"},"author":{"name":"autor","@id":"https:\/\/www.pmfst.unist.hr\/znanost\/#\/schema\/person\/8c4957fe31fd46303be41a1bd068040a"},"headline":"Grupa za auditornu neurofiziku i medicinsku bioniku (Kova\u010di\u0107 Lab)","datePublished":"2024-07-07T19:28:55+00:00","dateModified":"2024-12-06T12:46:37+00:00","mainEntityOfPage":{"@id":"https:\/\/www.pmfst.unist.hr\/znanost\/grupa-za-auditornu-neurofiziku-i-medicinsku-bioniku-kovacic-lab\/"},"wordCount":881,"publisher":{"@id":"https:\/\/www.pmfst.unist.hr\/znanost\/#organization"},"articleSection":["Istra\u017eiva\u010dke grupe odjela za fiziku","Nove istra\u017eiva\u010dke grupe"],"inLanguage":"hr"},{"@type":"WebPage","@id":"https:\/\/www.pmfst.unist.hr\/znanost\/grupa-za-auditornu-neurofiziku-i-medicinsku-bioniku-kovacic-lab\/","url":"https:\/\/www.pmfst.unist.hr\/znanost\/grupa-za-auditornu-neurofiziku-i-medicinsku-bioniku-kovacic-lab\/","name":"Grupa za auditornu neurofiziku i medicinsku bioniku (Kova\u010di\u0107 Lab) - Znanstvena djelatnost, PMF Split","isPartOf":{"@id":"https:\/\/www.pmfst.unist.hr\/znanost\/#website"},"datePublished":"2024-07-07T19:28:55+00:00","dateModified":"2024-12-06T12:46:37+00:00","breadcrumb":{"@id":"https:\/\/www.pmfst.unist.hr\/znanost\/grupa-za-auditornu-neurofiziku-i-medicinsku-bioniku-kovacic-lab\/#breadcrumb"},"inLanguage":"hr","potentialAction":[{"@type":"ReadAction","target":["https:\/\/www.pmfst.unist.hr\/znanost\/grupa-za-auditornu-neurofiziku-i-medicinsku-bioniku-kovacic-lab\/"]}]},{"@type":"BreadcrumbList","@id":"https:\/\/www.pmfst.unist.hr\/znanost\/grupa-za-auditornu-neurofiziku-i-medicinsku-bioniku-kovacic-lab\/#breadcrumb","itemListElement":[{"@type":"ListItem","position":1,"name":"Po\u010detna stranica","item":"https:\/\/www.pmfst.unist.hr\/znanost\/"},{"@type":"ListItem","position":2,"name":"Grupa za auditornu neurofiziku i medicinsku bioniku (Kova\u010di\u0107 Lab)"}]},{"@type":"WebSite","@id":"https:\/\/www.pmfst.unist.hr\/znanost\/#website","url":"https:\/\/www.pmfst.unist.hr\/znanost\/","name":"Znanstvena djelatnost, PMF Split","description":"Znanost -  Prirodoslovno-matemati\u010dki fakultet Sveu\u010dili\u0161ta u Splitu","publisher":{"@id":"https:\/\/www.pmfst.unist.hr\/znanost\/#organization"},"potentialAction":[{"@type":"SearchAction","target":{"@type":"EntryPoint","urlTemplate":"https:\/\/www.pmfst.unist.hr\/znanost\/?s={search_term_string}"},"query-input":{"@type":"PropertyValueSpecification","valueRequired":true,"valueName":"search_term_string"}}],"inLanguage":"hr"},{"@type":"Organization","@id":"https:\/\/www.pmfst.unist.hr\/znanost\/#organization","name":"Prirodoslovno-matemati\u010dki fakultet u Splitu","url":"https:\/\/www.pmfst.unist.hr\/znanost\/","logo":{"@type":"ImageObject","inLanguage":"hr","@id":"https:\/\/www.pmfst.unist.hr\/znanost\/#\/schema\/logo\/image\/","url":"https:\/\/www.pmfst.unist.hr\/znanost\/wp-content\/uploads\/sites\/29\/2018\/01\/logotip2.png","contentUrl":"https:\/\/www.pmfst.unist.hr\/znanost\/wp-content\/uploads\/sites\/29\/2018\/01\/logotip2.png","width":195,"height":195,"caption":"Prirodoslovno-matemati\u010dki fakultet u Splitu"},"image":{"@id":"https:\/\/www.pmfst.unist.hr\/znanost\/#\/schema\/logo\/image\/"},"sameAs":["https:\/\/www.facebook.com\/pmfst\/","https:\/\/x.com\/PmfSplit","https:\/\/www.instagram.com\/pmfsplit\/","https:\/\/www.youtube.com\/channel\/UCHVTsYgWvDAsqkWMfa8Jfsg"]},{"@type":"Person","@id":"https:\/\/www.pmfst.unist.hr\/znanost\/#\/schema\/person\/8c4957fe31fd46303be41a1bd068040a","name":"autor","image":{"@type":"ImageObject","inLanguage":"hr","@id":"https:\/\/secure.gravatar.com\/avatar\/6433eebff2f3ad31fa432d7f8b7675188a624aea836ebcc106a1d7083a55ef71?s=96&d=mm&r=g","url":"https:\/\/secure.gravatar.com\/avatar\/6433eebff2f3ad31fa432d7f8b7675188a624aea836ebcc106a1d7083a55ef71?s=96&d=mm&r=g","contentUrl":"https:\/\/secure.gravatar.com\/avatar\/6433eebff2f3ad31fa432d7f8b7675188a624aea836ebcc106a1d7083a55ef71?s=96&d=mm&r=g","caption":"autor"}}]}},"_links":{"self":[{"href":"https:\/\/www.pmfst.unist.hr\/znanost\/wp-json\/wp\/v2\/posts\/21437","targetHints":{"allow":["GET"]}}],"collection":[{"href":"https:\/\/www.pmfst.unist.hr\/znanost\/wp-json\/wp\/v2\/posts"}],"about":[{"href":"https:\/\/www.pmfst.unist.hr\/znanost\/wp-json\/wp\/v2\/types\/post"}],"author":[{"embeddable":true,"href":"https:\/\/www.pmfst.unist.hr\/znanost\/wp-json\/wp\/v2\/users\/1"}],"replies":[{"embeddable":true,"href":"https:\/\/www.pmfst.unist.hr\/znanost\/wp-json\/wp\/v2\/comments?post=21437"}],"version-history":[{"count":0,"href":"https:\/\/www.pmfst.unist.hr\/znanost\/wp-json\/wp\/v2\/posts\/21437\/revisions"}],"wp:attachment":[{"href":"https:\/\/www.pmfst.unist.hr\/znanost\/wp-json\/wp\/v2\/media?parent=21437"}],"wp:term":[{"taxonomy":"category","embeddable":true,"href":"https:\/\/www.pmfst.unist.hr\/znanost\/wp-json\/wp\/v2\/categories?post=21437"},{"taxonomy":"post_tag","embeddable":true,"href":"https:\/\/www.pmfst.unist.hr\/znanost\/wp-json\/wp\/v2\/tags?post=21437"},{"taxonomy":"poredak","embeddable":true,"href":"https:\/\/www.pmfst.unist.hr\/znanost\/wp-json\/wp\/v2\/poredak?post=21437"}],"curies":[{"name":"wp","href":"https:\/\/api.w.org\/{rel}","templated":true}]}}