{"id":21457,"date":"2024-07-07T21:45:38","date_gmt":"2024-07-07T19:45:38","guid":{"rendered":"https:\/\/www.pmfst.unist.hr\/znanost\/?p=21457"},"modified":"2024-12-06T13:45:37","modified_gmt":"2024-12-06T12:45:37","slug":"grupa-za-matematicko-obrazovanje","status":"publish","type":"post","link":"https:\/\/www.pmfst.unist.hr\/znanost\/grupa-za-matematicko-obrazovanje\/","title":{"rendered":"Grupa za matemati\u010dko obrazovanje"},"content":{"rendered":"<div class=\"wpb-content-wrapper\">[vc_row][vc_column width=&#8221;1\/4&#8243;][mk_title_box color=&#8221;#1e73be&#8221; margin_bottom=&#8221;0&#8243; font_family=&#8221;none&#8221;]<b>Voditeljica grupe<\/b>[\/mk_title_box][mk_employees style=&#8221;boxed&#8221; column=&#8221;1&#8243; employees=&#8221;18446&#8243;][\/vc_column][vc_column width=&#8221;3\/4&#8243;][mk_title_box color=&#8221;#1e73be&#8221; margin_bottom=&#8221;0&#8243; font_family=&#8221;none&#8221;]<b>\u010clanovi grupe<\/b>[\/mk_title_box][mk_custom_box padding_vertical=&#8221;10&#8243;][mk_custom_list style=&#8221;mk-moon-user-3&#8243;]\n<ul>\n<li>\u00a0 \u00a0dr. sc. Ana La\u0161tre<\/li>\n<li>\u00a0 \u00a0\u017deljka Zori\u0107<\/li>\n<\/ul>\n[\/mk_custom_list][\/mk_custom_box][\/vc_column][\/vc_row][vc_row][vc_column][mk_title_box color=&#8221;#1e73be&#8221; font_family=&#8221;none&#8221;]<strong>Odjel\/Katedra: <\/strong><\/p>\n<p>Odjel za matematiku[\/mk_title_box][vc_column_text css=&#8221;.vc_custom_1520591712979{margin-bottom: 0px !important;}&#8221;]\n<h4><strong>Opis istra\u017eivanja:<\/strong><\/h4>\n<p>Podru\u010dja istra\u017eivanja ove novouspostavljene grupe bila bi geometrija, matemati\u010dko obrazovanje i metodika nastave matematike. U planu je objava nekoliko znanstvenih \u010dlanaka, organizacija me\u0111unarodne znanstvene konferencije ProMath 2024, organizacija Dr\u017eavnog skupa za nastavnike matematike na temu istra\u017eivanje u edukaciji matematike, uklju\u010divanje studenata diplomskih studija u znanstvena istra\u017eivanja, te diseminacija rezultata na me\u0111unarodnim znanstvenim i stru\u010dnim konferencijama.<\/p>\n[\/vc_column_text][vc_column_text css=&#8221;.vc_custom_1520591959083{margin-bottom: 0px !important;}&#8221;]\n<h4><strong>Partnerski potencijali:<\/strong><\/h4>\n<p>Sveu\u010dili\u0161te u Zagrebu, Sveu\u010dili\u0161te u Ljubljani, ostale instance Sveu\u010dili\u0161ta u Splitu, Sveu\u010dili\u0161te u Osijeku, Sveu\u010dili\u0161te u Puli<\/p>\n[\/vc_column_text][\/vc_column][\/vc_row][vc_row][vc_column][vc_column_text css=&#8221;.vc_custom_1726611804164{margin-bottom: 0px !important;}&#8221;]\n<h4><strong>Financijski i drugi potencijali:<\/strong><\/h4>\n<p>Prijave institucijskih projekata (posebno za mlade znanstvenike), prijave projekata mobilnosti vi\u0161ih asistenata i asistenata[\/vc_column_text][vc_column_text css=&#8221;.vc_custom_1726611757741{margin-bottom: 0px !important;}&#8221;]<strong>Znanstveni ciljevi<\/strong> kojima se daje doprinos:<\/p>\n<ul>\n<li>Z-3 (Ja\u010danje me\u0111unarodne znanstvene suradnje i znanstvene aktivnosti)<\/li>\n<li>Z-4 (Ja\u010danje ljudskih potencijala za znanstveno-istra\u017eiva\u010dki rad)<\/li>\n<li>Z-5 (Ja\u010danje konkurentnosti mladih znanstvenika)<\/li>\n<li>Z-9 (Ja\u010danje interdisciplinarnosti znanstvenog rada)<\/li>\n<li>Z-10 (Ja\u010danje diseminacije rezultata znanstvenih istra\u017eivanja)<\/li>\n<\/ul>\n<p><strong>Mjerljivi pokazatelji<\/strong> kojima se daje doprinos i vrijednost doprinosa:<\/p>\n<ul>\n<li>R-Z-03 (Broj znanstvenih radova u SCOPUS i WoS, A1 \u010dasopisima te me\u0111unarodno recenziranim zbornicima za DHZ)<\/li>\n<li>R-Z-06 (Broj uspje\u0161nih projektnih prijava u suradnji s inozemnim partnerom)<\/li>\n<li>R-Z-07 (Broj suradnji s inozemnim partnerima)<\/li>\n<li>R-Z-F2 (Broj tematskih fakultetskih seminara, radionica i drugih doga\u0111aja; te broj sudionika na doga\u0111ajima)<\/li>\n<li>R-Z-F3 (Broj suradnji izme\u0111u ustrojbenih jedinica Fakulteta i indeks kvalitete)<\/li>\n<li>R-Z-F5 (Broj zaposlenika koji su sudjelovali na tematskim znanstvenim doga\u0111ajima)<\/li>\n<li>R-Z-F6 (Broj prijavljenih znanstveno-istra\u017eiva\u010dkih projekata (kompetitivnih, institucijskih i ostalih)<\/li>\n<li>R-Z-F9 (Broj znanstvenih radova objavljenih u ostalim \u010dasopisima koji nisu pod R-Z-03)<\/li>\n<li>R-Z-F10 (Broj prezentacija i radova prezentiranih na konferencijama ili drugim doga\u0111ajima, odnosno zbornicima skupova)<\/li>\n<li>R-Z-F11 (Broj znanstvenih konferencija, seminara, radionica i drugih doga\u0111aja (doma\u0107ih i me\u0111unarodnih); te broj sudionika na doga\u0111ajima)<\/li>\n<\/ul>\n[\/vc_column_text][\/vc_column][\/vc_row][vc_column][\/vc_column]\n<\/div>","protected":false},"excerpt":{"rendered":"<p>[vc_row][vc_column width=&#8221;1\/4&#8243;][mk_title_box color=&#8221;#1e73be&#8221; margin_bottom=&#8221;0&#8243; font_family=&#8221;none&#8221;]Voditeljica grupe[\/mk_title_box][mk_employees style=&#8221;boxed&#8221; column=&#8221;1&#8243; employees=&#8221;18446&#8243;][\/vc_column][vc_column width=&#8221;3\/4&#8243;][mk_title_box color=&#8221;#1e73be&#8221; margin_bottom=&#8221;0&#8243; font_family=&#8221;none&#8221;]\u010clanovi grupe[\/mk_title_box][mk_custom_box padding_vertical=&#8221;10&#8243;][mk_custom_list style=&#8221;mk-moon-user-3&#8243;] \u00a0 \u00a0dr. sc. Ana La\u0161tre \u00a0 \u00a0\u017deljka Zori\u0107 [\/mk_custom_list][\/mk_custom_box][\/vc_column][\/vc_row][vc_row][vc_column][mk_title_box color=&#8221;#1e73be&#8221; font_family=&#8221;none&#8221;]Odjel\/Katedra: Odjel za matematiku[\/mk_title_box][vc_column_text css=&#8221;.vc_custom_1520591712979{margin-bottom: 0px !important;}&#8221;] Opis istra\u017eivanja: Podru\u010dja istra\u017eivanja ove novouspostavljene grupe bila bi geometrija, matemati\u010dko obrazovanje i metodika nastave matematike. U planu je objava nekoliko znanstvenih [&hellip;]<\/p>\n","protected":false},"author":1,"featured_media":0,"comment_status":"closed","ping_status":"open","sticky":false,"template":"","format":"standard","meta":{"_acf_changed":false,"rs_blank_template":"","rs_page_bg_color":"","slide_template_v7":"","footnotes":""},"categories":[158,149],"tags":[],"poredak":[],"class_list":["post-21457","post","type-post","status-publish","format-standard","hentry","category-istrazivacke-grupe-odjela-za-matematiku","category-nove-istrazivacke-grupe"],"acf":[],"yoast_head":"<!-- This site is optimized with the Yoast SEO plugin v27.4 - https:\/\/yoast.com\/product\/yoast-seo-wordpress\/ -->\n<title>Grupa za matemati\u010dko obrazovanje - Znanstvena djelatnost, PMF Split<\/title>\n<meta name=\"robots\" content=\"noindex, follow\" \/>\n<meta property=\"og:locale\" content=\"hr_HR\" \/>\n<meta property=\"og:type\" content=\"article\" \/>\n<meta property=\"og:title\" content=\"Grupa za matemati\u010dko obrazovanje - Znanstvena djelatnost, PMF Split\" \/>\n<meta property=\"og:description\" content=\"[vc_row][vc_column width=&#8221;1\/4&#8243;][mk_title_box color=&#8221;#1e73be&#8221; margin_bottom=&#8221;0&#8243; font_family=&#8221;none&#8221;]Voditeljica grupe[\/mk_title_box][mk_employees style=&#8221;boxed&#8221; column=&#8221;1&#8243; employees=&#8221;18446&#8243;][\/vc_column][vc_column width=&#8221;3\/4&#8243;][mk_title_box color=&#8221;#1e73be&#8221; margin_bottom=&#8221;0&#8243; font_family=&#8221;none&#8221;]\u010clanovi grupe[\/mk_title_box][mk_custom_box padding_vertical=&#8221;10&#8243;][mk_custom_list style=&#8221;mk-moon-user-3&#8243;] \u00a0 \u00a0dr. sc. Ana La\u0161tre \u00a0 \u00a0\u017deljka Zori\u0107 [\/mk_custom_list][\/mk_custom_box][\/vc_column][\/vc_row][vc_row][vc_column][mk_title_box color=&#8221;#1e73be&#8221; font_family=&#8221;none&#8221;]Odjel\/Katedra: Odjel za matematiku[\/mk_title_box][vc_column_text css=&#8221;.vc_custom_1520591712979{margin-bottom: 0px !important;}&#8221;] Opis istra\u017eivanja: Podru\u010dja istra\u017eivanja ove novouspostavljene grupe bila bi geometrija, matemati\u010dko obrazovanje i metodika nastave matematike. U planu je objava nekoliko znanstvenih [&hellip;]\" \/>\n<meta property=\"og:url\" content=\"https:\/\/www.pmfst.unist.hr\/znanost\/grupa-za-matematicko-obrazovanje\/\" \/>\n<meta property=\"og:site_name\" content=\"Znanstvena djelatnost, PMF Split\" \/>\n<meta property=\"article:publisher\" content=\"https:\/\/www.facebook.com\/pmfst\/\" \/>\n<meta property=\"article:published_time\" content=\"2024-07-07T19:45:38+00:00\" \/>\n<meta property=\"article:modified_time\" content=\"2024-12-06T12:45:37+00:00\" \/>\n<meta name=\"author\" content=\"autor\" \/>\n<meta name=\"twitter:card\" content=\"summary_large_image\" \/>\n<meta name=\"twitter:creator\" content=\"@PmfSplit\" \/>\n<meta name=\"twitter:site\" content=\"@PmfSplit\" \/>\n<meta name=\"twitter:label1\" content=\"Napisao\/la\" \/>\n\t<meta name=\"twitter:data1\" content=\"autor\" \/>\n\t<meta name=\"twitter:label2\" content=\"Procijenjeno vrijeme \u010ditanja\" \/>\n\t<meta name=\"twitter:data2\" content=\"2 minute\" \/>\n<script type=\"application\/ld+json\" class=\"yoast-schema-graph\">{\"@context\":\"https:\\\/\\\/schema.org\",\"@graph\":[{\"@type\":\"Article\",\"@id\":\"https:\\\/\\\/www.pmfst.unist.hr\\\/znanost\\\/grupa-za-matematicko-obrazovanje\\\/#article\",\"isPartOf\":{\"@id\":\"https:\\\/\\\/www.pmfst.unist.hr\\\/znanost\\\/grupa-za-matematicko-obrazovanje\\\/\"},\"author\":{\"name\":\"autor\",\"@id\":\"https:\\\/\\\/www.pmfst.unist.hr\\\/znanost\\\/#\\\/schema\\\/person\\\/8c4957fe31fd46303be41a1bd068040a\"},\"headline\":\"Grupa za matemati\u010dko obrazovanje\",\"datePublished\":\"2024-07-07T19:45:38+00:00\",\"dateModified\":\"2024-12-06T12:45:37+00:00\",\"mainEntityOfPage\":{\"@id\":\"https:\\\/\\\/www.pmfst.unist.hr\\\/znanost\\\/grupa-za-matematicko-obrazovanje\\\/\"},\"wordCount\":466,\"publisher\":{\"@id\":\"https:\\\/\\\/www.pmfst.unist.hr\\\/znanost\\\/#organization\"},\"articleSection\":[\"Istra\u017eiva\u010dke grupe odjela za matematiku\",\"Nove istra\u017eiva\u010dke grupe\"],\"inLanguage\":\"hr\"},{\"@type\":\"WebPage\",\"@id\":\"https:\\\/\\\/www.pmfst.unist.hr\\\/znanost\\\/grupa-za-matematicko-obrazovanje\\\/\",\"url\":\"https:\\\/\\\/www.pmfst.unist.hr\\\/znanost\\\/grupa-za-matematicko-obrazovanje\\\/\",\"name\":\"Grupa za matemati\u010dko obrazovanje - Znanstvena djelatnost, PMF Split\",\"isPartOf\":{\"@id\":\"https:\\\/\\\/www.pmfst.unist.hr\\\/znanost\\\/#website\"},\"datePublished\":\"2024-07-07T19:45:38+00:00\",\"dateModified\":\"2024-12-06T12:45:37+00:00\",\"breadcrumb\":{\"@id\":\"https:\\\/\\\/www.pmfst.unist.hr\\\/znanost\\\/grupa-za-matematicko-obrazovanje\\\/#breadcrumb\"},\"inLanguage\":\"hr\",\"potentialAction\":[{\"@type\":\"ReadAction\",\"target\":[\"https:\\\/\\\/www.pmfst.unist.hr\\\/znanost\\\/grupa-za-matematicko-obrazovanje\\\/\"]}]},{\"@type\":\"BreadcrumbList\",\"@id\":\"https:\\\/\\\/www.pmfst.unist.hr\\\/znanost\\\/grupa-za-matematicko-obrazovanje\\\/#breadcrumb\",\"itemListElement\":[{\"@type\":\"ListItem\",\"position\":1,\"name\":\"Po\u010detna stranica\",\"item\":\"https:\\\/\\\/www.pmfst.unist.hr\\\/znanost\\\/\"},{\"@type\":\"ListItem\",\"position\":2,\"name\":\"Grupa za matemati\u010dko obrazovanje\"}]},{\"@type\":\"WebSite\",\"@id\":\"https:\\\/\\\/www.pmfst.unist.hr\\\/znanost\\\/#website\",\"url\":\"https:\\\/\\\/www.pmfst.unist.hr\\\/znanost\\\/\",\"name\":\"Znanstvena djelatnost, PMF Split\",\"description\":\"Znanost -  Prirodoslovno-matemati\u010dki fakultet Sveu\u010dili\u0161ta u Splitu\",\"publisher\":{\"@id\":\"https:\\\/\\\/www.pmfst.unist.hr\\\/znanost\\\/#organization\"},\"potentialAction\":[{\"@type\":\"SearchAction\",\"target\":{\"@type\":\"EntryPoint\",\"urlTemplate\":\"https:\\\/\\\/www.pmfst.unist.hr\\\/znanost\\\/?s={search_term_string}\"},\"query-input\":{\"@type\":\"PropertyValueSpecification\",\"valueRequired\":true,\"valueName\":\"search_term_string\"}}],\"inLanguage\":\"hr\"},{\"@type\":\"Organization\",\"@id\":\"https:\\\/\\\/www.pmfst.unist.hr\\\/znanost\\\/#organization\",\"name\":\"Prirodoslovno-matemati\u010dki fakultet u Splitu\",\"url\":\"https:\\\/\\\/www.pmfst.unist.hr\\\/znanost\\\/\",\"logo\":{\"@type\":\"ImageObject\",\"inLanguage\":\"hr\",\"@id\":\"https:\\\/\\\/www.pmfst.unist.hr\\\/znanost\\\/#\\\/schema\\\/logo\\\/image\\\/\",\"url\":\"https:\\\/\\\/www.pmfst.unist.hr\\\/znanost\\\/wp-content\\\/uploads\\\/sites\\\/29\\\/2018\\\/01\\\/logotip2.png\",\"contentUrl\":\"https:\\\/\\\/www.pmfst.unist.hr\\\/znanost\\\/wp-content\\\/uploads\\\/sites\\\/29\\\/2018\\\/01\\\/logotip2.png\",\"width\":195,\"height\":195,\"caption\":\"Prirodoslovno-matemati\u010dki fakultet u Splitu\"},\"image\":{\"@id\":\"https:\\\/\\\/www.pmfst.unist.hr\\\/znanost\\\/#\\\/schema\\\/logo\\\/image\\\/\"},\"sameAs\":[\"https:\\\/\\\/www.facebook.com\\\/pmfst\\\/\",\"https:\\\/\\\/x.com\\\/PmfSplit\",\"https:\\\/\\\/www.instagram.com\\\/pmfsplit\\\/\",\"https:\\\/\\\/www.youtube.com\\\/channel\\\/UCHVTsYgWvDAsqkWMfa8Jfsg\"]},{\"@type\":\"Person\",\"@id\":\"https:\\\/\\\/www.pmfst.unist.hr\\\/znanost\\\/#\\\/schema\\\/person\\\/8c4957fe31fd46303be41a1bd068040a\",\"name\":\"autor\",\"image\":{\"@type\":\"ImageObject\",\"inLanguage\":\"hr\",\"@id\":\"https:\\\/\\\/secure.gravatar.com\\\/avatar\\\/6433eebff2f3ad31fa432d7f8b7675188a624aea836ebcc106a1d7083a55ef71?s=96&d=mm&r=g\",\"url\":\"https:\\\/\\\/secure.gravatar.com\\\/avatar\\\/6433eebff2f3ad31fa432d7f8b7675188a624aea836ebcc106a1d7083a55ef71?s=96&d=mm&r=g\",\"contentUrl\":\"https:\\\/\\\/secure.gravatar.com\\\/avatar\\\/6433eebff2f3ad31fa432d7f8b7675188a624aea836ebcc106a1d7083a55ef71?s=96&d=mm&r=g\",\"caption\":\"autor\"}}]}<\/script>\n<!-- \/ Yoast SEO plugin. -->","yoast_head_json":{"title":"Grupa za matemati\u010dko obrazovanje - Znanstvena djelatnost, PMF Split","robots":{"index":"noindex","follow":"follow"},"og_locale":"hr_HR","og_type":"article","og_title":"Grupa za matemati\u010dko obrazovanje - Znanstvena djelatnost, PMF Split","og_description":"[vc_row][vc_column width=&#8221;1\/4&#8243;][mk_title_box color=&#8221;#1e73be&#8221; margin_bottom=&#8221;0&#8243; font_family=&#8221;none&#8221;]Voditeljica grupe[\/mk_title_box][mk_employees style=&#8221;boxed&#8221; column=&#8221;1&#8243; employees=&#8221;18446&#8243;][\/vc_column][vc_column width=&#8221;3\/4&#8243;][mk_title_box color=&#8221;#1e73be&#8221; margin_bottom=&#8221;0&#8243; font_family=&#8221;none&#8221;]\u010clanovi grupe[\/mk_title_box][mk_custom_box padding_vertical=&#8221;10&#8243;][mk_custom_list style=&#8221;mk-moon-user-3&#8243;] \u00a0 \u00a0dr. sc. Ana La\u0161tre \u00a0 \u00a0\u017deljka Zori\u0107 [\/mk_custom_list][\/mk_custom_box][\/vc_column][\/vc_row][vc_row][vc_column][mk_title_box color=&#8221;#1e73be&#8221; font_family=&#8221;none&#8221;]Odjel\/Katedra: Odjel za matematiku[\/mk_title_box][vc_column_text css=&#8221;.vc_custom_1520591712979{margin-bottom: 0px !important;}&#8221;] Opis istra\u017eivanja: Podru\u010dja istra\u017eivanja ove novouspostavljene grupe bila bi geometrija, matemati\u010dko obrazovanje i metodika nastave matematike. U planu je objava nekoliko znanstvenih [&hellip;]","og_url":"https:\/\/www.pmfst.unist.hr\/znanost\/grupa-za-matematicko-obrazovanje\/","og_site_name":"Znanstvena djelatnost, PMF Split","article_publisher":"https:\/\/www.facebook.com\/pmfst\/","article_published_time":"2024-07-07T19:45:38+00:00","article_modified_time":"2024-12-06T12:45:37+00:00","author":"autor","twitter_card":"summary_large_image","twitter_creator":"@PmfSplit","twitter_site":"@PmfSplit","twitter_misc":{"Napisao\/la":"autor","Procijenjeno vrijeme \u010ditanja":"2 minute"},"schema":{"@context":"https:\/\/schema.org","@graph":[{"@type":"Article","@id":"https:\/\/www.pmfst.unist.hr\/znanost\/grupa-za-matematicko-obrazovanje\/#article","isPartOf":{"@id":"https:\/\/www.pmfst.unist.hr\/znanost\/grupa-za-matematicko-obrazovanje\/"},"author":{"name":"autor","@id":"https:\/\/www.pmfst.unist.hr\/znanost\/#\/schema\/person\/8c4957fe31fd46303be41a1bd068040a"},"headline":"Grupa za matemati\u010dko obrazovanje","datePublished":"2024-07-07T19:45:38+00:00","dateModified":"2024-12-06T12:45:37+00:00","mainEntityOfPage":{"@id":"https:\/\/www.pmfst.unist.hr\/znanost\/grupa-za-matematicko-obrazovanje\/"},"wordCount":466,"publisher":{"@id":"https:\/\/www.pmfst.unist.hr\/znanost\/#organization"},"articleSection":["Istra\u017eiva\u010dke grupe odjela za matematiku","Nove istra\u017eiva\u010dke grupe"],"inLanguage":"hr"},{"@type":"WebPage","@id":"https:\/\/www.pmfst.unist.hr\/znanost\/grupa-za-matematicko-obrazovanje\/","url":"https:\/\/www.pmfst.unist.hr\/znanost\/grupa-za-matematicko-obrazovanje\/","name":"Grupa za matemati\u010dko obrazovanje - Znanstvena djelatnost, PMF Split","isPartOf":{"@id":"https:\/\/www.pmfst.unist.hr\/znanost\/#website"},"datePublished":"2024-07-07T19:45:38+00:00","dateModified":"2024-12-06T12:45:37+00:00","breadcrumb":{"@id":"https:\/\/www.pmfst.unist.hr\/znanost\/grupa-za-matematicko-obrazovanje\/#breadcrumb"},"inLanguage":"hr","potentialAction":[{"@type":"ReadAction","target":["https:\/\/www.pmfst.unist.hr\/znanost\/grupa-za-matematicko-obrazovanje\/"]}]},{"@type":"BreadcrumbList","@id":"https:\/\/www.pmfst.unist.hr\/znanost\/grupa-za-matematicko-obrazovanje\/#breadcrumb","itemListElement":[{"@type":"ListItem","position":1,"name":"Po\u010detna stranica","item":"https:\/\/www.pmfst.unist.hr\/znanost\/"},{"@type":"ListItem","position":2,"name":"Grupa za matemati\u010dko obrazovanje"}]},{"@type":"WebSite","@id":"https:\/\/www.pmfst.unist.hr\/znanost\/#website","url":"https:\/\/www.pmfst.unist.hr\/znanost\/","name":"Znanstvena djelatnost, PMF Split","description":"Znanost -  Prirodoslovno-matemati\u010dki fakultet Sveu\u010dili\u0161ta u Splitu","publisher":{"@id":"https:\/\/www.pmfst.unist.hr\/znanost\/#organization"},"potentialAction":[{"@type":"SearchAction","target":{"@type":"EntryPoint","urlTemplate":"https:\/\/www.pmfst.unist.hr\/znanost\/?s={search_term_string}"},"query-input":{"@type":"PropertyValueSpecification","valueRequired":true,"valueName":"search_term_string"}}],"inLanguage":"hr"},{"@type":"Organization","@id":"https:\/\/www.pmfst.unist.hr\/znanost\/#organization","name":"Prirodoslovno-matemati\u010dki fakultet u Splitu","url":"https:\/\/www.pmfst.unist.hr\/znanost\/","logo":{"@type":"ImageObject","inLanguage":"hr","@id":"https:\/\/www.pmfst.unist.hr\/znanost\/#\/schema\/logo\/image\/","url":"https:\/\/www.pmfst.unist.hr\/znanost\/wp-content\/uploads\/sites\/29\/2018\/01\/logotip2.png","contentUrl":"https:\/\/www.pmfst.unist.hr\/znanost\/wp-content\/uploads\/sites\/29\/2018\/01\/logotip2.png","width":195,"height":195,"caption":"Prirodoslovno-matemati\u010dki fakultet u Splitu"},"image":{"@id":"https:\/\/www.pmfst.unist.hr\/znanost\/#\/schema\/logo\/image\/"},"sameAs":["https:\/\/www.facebook.com\/pmfst\/","https:\/\/x.com\/PmfSplit","https:\/\/www.instagram.com\/pmfsplit\/","https:\/\/www.youtube.com\/channel\/UCHVTsYgWvDAsqkWMfa8Jfsg"]},{"@type":"Person","@id":"https:\/\/www.pmfst.unist.hr\/znanost\/#\/schema\/person\/8c4957fe31fd46303be41a1bd068040a","name":"autor","image":{"@type":"ImageObject","inLanguage":"hr","@id":"https:\/\/secure.gravatar.com\/avatar\/6433eebff2f3ad31fa432d7f8b7675188a624aea836ebcc106a1d7083a55ef71?s=96&d=mm&r=g","url":"https:\/\/secure.gravatar.com\/avatar\/6433eebff2f3ad31fa432d7f8b7675188a624aea836ebcc106a1d7083a55ef71?s=96&d=mm&r=g","contentUrl":"https:\/\/secure.gravatar.com\/avatar\/6433eebff2f3ad31fa432d7f8b7675188a624aea836ebcc106a1d7083a55ef71?s=96&d=mm&r=g","caption":"autor"}}]}},"_links":{"self":[{"href":"https:\/\/www.pmfst.unist.hr\/znanost\/wp-json\/wp\/v2\/posts\/21457","targetHints":{"allow":["GET"]}}],"collection":[{"href":"https:\/\/www.pmfst.unist.hr\/znanost\/wp-json\/wp\/v2\/posts"}],"about":[{"href":"https:\/\/www.pmfst.unist.hr\/znanost\/wp-json\/wp\/v2\/types\/post"}],"author":[{"embeddable":true,"href":"https:\/\/www.pmfst.unist.hr\/znanost\/wp-json\/wp\/v2\/users\/1"}],"replies":[{"embeddable":true,"href":"https:\/\/www.pmfst.unist.hr\/znanost\/wp-json\/wp\/v2\/comments?post=21457"}],"version-history":[{"count":0,"href":"https:\/\/www.pmfst.unist.hr\/znanost\/wp-json\/wp\/v2\/posts\/21457\/revisions"}],"wp:attachment":[{"href":"https:\/\/www.pmfst.unist.hr\/znanost\/wp-json\/wp\/v2\/media?parent=21457"}],"wp:term":[{"taxonomy":"category","embeddable":true,"href":"https:\/\/www.pmfst.unist.hr\/znanost\/wp-json\/wp\/v2\/categories?post=21457"},{"taxonomy":"post_tag","embeddable":true,"href":"https:\/\/www.pmfst.unist.hr\/znanost\/wp-json\/wp\/v2\/tags?post=21457"},{"taxonomy":"poredak","embeddable":true,"href":"https:\/\/www.pmfst.unist.hr\/znanost\/wp-json\/wp\/v2\/poredak?post=21457"}],"curies":[{"name":"wp","href":"https:\/\/api.w.org\/{rel}","templated":true}]}}